{"id":1898,"date":"2012-06-28T09:00:41","date_gmt":"2012-06-28T13:00:41","guid":{"rendered":"http:\/\/www.radiochiloe.cl\/?p=1898"},"modified":"2012-06-27T19:25:31","modified_gmt":"2012-06-27T23:25:31","slug":"bienes-nacionales-entrego-inmueble-en-concesion-a-municipalidad-de-ancud","status":"publish","type":"post","link":"https:\/\/www.radiochiloe.cl\/?p=1898","title":{"rendered":"Bienes Nacionales entreg\u00f3 inmueble en concesi\u00f3n a Municipalidad de Ancud"},"content":{"rendered":"<p style=\"text-align: justify;\">El espacio permitir\u00e1 albergar importantes oficinas del municipio ancuditano, adem\u00e1s de la instalaci\u00f3n de una planta elevadora de aguas servidas.<\/p>\n<p style=\"text-align: justify;\">Con la entrega de un inmueble de 686,71 metros cuadrados, se cerr\u00f3 en Chacao la concesi\u00f3n para uso gratuito de un edificio por parte de la Secretar\u00eda Regional Ministerial de Bienes Nacionales a la Municipalidad de Ancud.<\/p>\n<p style=\"text-align: justify;\">Fue la propia Seremi del ramo, Carolina Hayal, quien oficializ\u00f3 el traspaso del edificio por 5 a\u00f1os al edil de la tierra del Pudeto, Federico Kruger, en las mencionadas dependencias de Bellavista s\/n en la localidad del norte de la Isla Grande.<\/p>\n<p style=\"text-align: justify;\">El jefe comunal manifest\u00f3 su agradecimiento por este anhelado logro para el consistorio y record\u00f3 que aunque \u201cesto parece muy sencillo, que era cosa de casi pedir la llave y venir para ac\u00e1, signific\u00f3 una serie de tr\u00e1mites y gestiones que nos oblig\u00f3 a ser m\u00e1s dedicados\u201d.<\/p>\n<p style=\"text-align: justify;\">El inmueble se encuentra dividido en dos lotes. El lote 1 se convertir\u00e1 en un edificio de Servicios P\u00fablicos, espacio que albergar\u00e1 diversas oficinas y salas de reuniones en las que se realizar\u00e1n varias actividades y funciones municipales.<\/p>\n<p style=\"text-align: justify;\">Mientras tanto, en el lote dos se proyectan la instalaci\u00f3n de una planta elevadora de aguas servidas. Ambos proyectos cuentan con fondos que provienen del Gobierno Regional.<\/p>\n<p style=\"text-align: justify;\">Para Hayal, la entrega efectuada viene a responder al papel que debe cumplir la entidad que dirige en Los Lagos \u201cnuestro deber es administrar el patrimonio fiscal de forma orientada para que los habitantes de las diversas comunas puedan recibir beneficios de forma directa\u201d, asever\u00f3 la abogada.<\/p>\n<p style=\"text-align: justify;\">Departamento de Prensa<\/p>\n","protected":false},"excerpt":{"rendered":"<p>El espacio permitir\u00e1 albergar importantes oficinas del municipio ancuditano, adem\u00e1s de la instalaci\u00f3n de una planta elevadora de aguas servidas. Con la entrega de un inmueble de 686,71 metros cuadrados, se cerr\u00f3 en Chacao la concesi\u00f3n para uso gratuito de un edificio por parte de la Secretar\u00eda Regional Ministerial de Bienes Nacionales a la Municipalidad [&hellip;]<\/p>\n","protected":false},"author":2,"featured_media":1899,"comment_status":"open","ping_status":"open","sticky":false,"template":"","format":"standard","meta":[],"categories":[3],"tags":[5],"jetpack_featured_media_url":"https:\/\/www.radiochiloe.cl\/wp-content\/uploads\/2012\/06\/chacao.jpg","_links":{"self":[{"href":"https:\/\/www.radiochiloe.cl\/index.php?rest_route=\/wp\/v2\/posts\/1898"}],"collection":[{"href":"https:\/\/www.radiochiloe.cl\/index.php?rest_route=\/wp\/v2\/posts"}],"about":[{"href":"https:\/\/www.radiochiloe.cl\/index.php?rest_route=\/wp\/v2\/types\/post"}],"author":[{"embeddable":true,"href":"https:\/\/www.radiochiloe.cl\/index.php?rest_route=\/wp\/v2\/users\/2"}],"replies":[{"embeddable":true,"href":"https:\/\/www.radiochiloe.cl\/index.php?rest_route=%2Fwp%2Fv2%2Fcomments&post=1898"}],"version-history":[{"count":2,"href":"https:\/\/www.radiochiloe.cl\/index.php?rest_route=\/wp\/v2\/posts\/1898\/revisions"}],"predecessor-version":[{"id":1901,"href":"https:\/\/www.radiochiloe.cl\/index.php?rest_route=\/wp\/v2\/posts\/1898\/revisions\/1901"}],"wp:featuredmedia":[{"embeddable":true,"href":"https:\/\/www.radiochiloe.cl\/index.php?rest_route=\/wp\/v2\/media\/1899"}],"wp:attachment":[{"href":"https:\/\/www.radiochiloe.cl\/index.php?rest_route=%2Fwp%2Fv2%2Fmedia&parent=1898"}],"wp:term":[{"taxonomy":"category","embeddable":true,"href":"https:\/\/www.radiochiloe.cl\/index.php?rest_route=%2Fwp%2Fv2%2Fcategories&post=1898"},{"taxonomy":"post_tag","embeddable":true,"href":"https:\/\/www.radiochiloe.cl\/index.php?rest_route=%2Fwp%2Fv2%2Ftags&post=1898"}],"curies":[{"name":"wp","href":"https:\/\/api.w.org\/{rel}","templated":true}]}}