{"id":1902,"date":"2012-06-28T15:00:58","date_gmt":"2012-06-28T19:00:58","guid":{"rendered":"http:\/\/www.radiochiloe.cl\/?p=1902"},"modified":"2012-06-27T19:35:40","modified_gmt":"2012-06-27T23:35:40","slug":"conaf-carabineros-y-el-juzgado-de-policia-local-incautaron-nuevas-piezas-de-alerce-en-hornopiren-provincia-de-palena","status":"publish","type":"post","link":"https:\/\/www.radiochiloe.cl\/?p=1902","title":{"rendered":"CONAF, Carabineros y el Juzgado de Polic\u00eda Local incautaron nuevas piezas de alerce en Hornopiren, provincia de Palena"},"content":{"rendered":"<p style=\"text-align: justify;\">Un nuevo decomiso de alerce realiz\u00f3 la Corporaci\u00f3n Nacional Forestal, CONAF, tras ingresar junto a Carabineros y el Juez de Polic\u00eda Local de Hualaihu\u00e9 a una bodega que manten\u00eda en su interior 49 piezas, en un recinto ubicado en Caleta Pichicolo a unos 12 kil\u00f3metros de Hornopiren.<\/p>\n<p style=\"text-align: justify;\">Seg\u00fan inform\u00f3 el Director Regional de CONAF, Jorge Aichele, en el lugar se encontraron 49 piezas de alerce en forma de basas de distintas dimensiones, conformando \u00e9stas un total de 100 pulgadas madereras, las que no contaban con la documentaci\u00f3n que acreditaban su origen legal. Las piezas fueron avaluadas en m\u00e1s de dos millones de pesos.<\/p>\n<p style=\"text-align: justify;\">Aichele destac\u00f3 que la incautaci\u00f3n se realiz\u00f3 gracias a una denuncia de terceros, \u201cEs por ello que como CONAF valoramos la colaboraci\u00f3n de la comunidad en este tipo de delitos, ya que, no solo ayudan a mantener la especie de alerce sino que tambi\u00e9n contribuyen al cuidado del medio ambiente\u201d, puntualiz\u00f3 la autoridad regional.<\/p>\n<p style=\"text-align: justify;\">CONAF manifest\u00f3 que la denuncia de este nuevo decomiso de alerce ser\u00e1 interpuesta en los pr\u00f3ximos d\u00edas ante el Juzgado de Polic\u00eda Local de Hualaihu\u00e9.<\/p>\n<p style=\"text-align: justify;\">Departamento de Prensa<\/p>\n","protected":false},"excerpt":{"rendered":"<p>Un nuevo decomiso de alerce realiz\u00f3 la Corporaci\u00f3n Nacional Forestal, CONAF, tras ingresar junto a Carabineros y el Juez de Polic\u00eda Local de Hualaihu\u00e9 a una bodega que manten\u00eda en su interior 49 piezas, en un recinto ubicado en Caleta Pichicolo a unos 12 kil\u00f3metros de Hornopiren. Seg\u00fan inform\u00f3 el Director Regional de CONAF, Jorge [&hellip;]<\/p>\n","protected":false},"author":2,"featured_media":1903,"comment_status":"open","ping_status":"open","sticky":false,"template":"","format":"standard","meta":[],"categories":[3],"tags":[5],"jetpack_featured_media_url":"https:\/\/www.radiochiloe.cl\/wp-content\/uploads\/2012\/06\/decomisoalerce.jpg","_links":{"self":[{"href":"https:\/\/www.radiochiloe.cl\/index.php?rest_route=\/wp\/v2\/posts\/1902"}],"collection":[{"href":"https:\/\/www.radiochiloe.cl\/index.php?rest_route=\/wp\/v2\/posts"}],"about":[{"href":"https:\/\/www.radiochiloe.cl\/index.php?rest_route=\/wp\/v2\/types\/post"}],"author":[{"embeddable":true,"href":"https:\/\/www.radiochiloe.cl\/index.php?rest_route=\/wp\/v2\/users\/2"}],"replies":[{"embeddable":true,"href":"https:\/\/www.radiochiloe.cl\/index.php?rest_route=%2Fwp%2Fv2%2Fcomments&post=1902"}],"version-history":[{"count":2,"href":"https:\/\/www.radiochiloe.cl\/index.php?rest_route=\/wp\/v2\/posts\/1902\/revisions"}],"predecessor-version":[{"id":1905,"href":"https:\/\/www.radiochiloe.cl\/index.php?rest_route=\/wp\/v2\/posts\/1902\/revisions\/1905"}],"wp:featuredmedia":[{"embeddable":true,"href":"https:\/\/www.radiochiloe.cl\/index.php?rest_route=\/wp\/v2\/media\/1903"}],"wp:attachment":[{"href":"https:\/\/www.radiochiloe.cl\/index.php?rest_route=%2Fwp%2Fv2%2Fmedia&parent=1902"}],"wp:term":[{"taxonomy":"category","embeddable":true,"href":"https:\/\/www.radiochiloe.cl\/index.php?rest_route=%2Fwp%2Fv2%2Fcategories&post=1902"},{"taxonomy":"post_tag","embeddable":true,"href":"https:\/\/www.radiochiloe.cl\/index.php?rest_route=%2Fwp%2Fv2%2Ftags&post=1902"}],"curies":[{"name":"wp","href":"https:\/\/api.w.org\/{rel}","templated":true}]}}