{"id":1920,"date":"2012-06-28T16:45:44","date_gmt":"2012-06-28T20:45:44","guid":{"rendered":"http:\/\/www.radiochiloe.cl\/?p=1920"},"modified":"2012-06-28T16:45:44","modified_gmt":"2012-06-28T20:45:44","slug":"llaman-a-usuarios-a-no-dejarse-enganar-al-adquirir-creditos-de-consumo","status":"publish","type":"post","link":"https:\/\/www.radiochiloe.cl\/?p=1920","title":{"rendered":"Llaman a usuarios a no dejarse enga\u00f1ar al adquirir cr\u00e9ditos de consumo"},"content":{"rendered":"<p style=\"text-align: justify;\">Un llamado a la comunidad castre\u00f1a a informarse antes de solicitar un cr\u00e9dito de consumo en alguna caja de Compensaci\u00f3n, hizo el concejal castre\u00f1o Juan Eduardo Vera destacando de paso el trabajo que ha desarrollado Sernac por la clara disposici\u00f3n de \u00e9stos a defender los derechos de los consumidores.<\/p>\n<p style=\"text-align: justify;\">\u201cy a quienes ya lo han obtenido (el cr\u00e9dito de consumo) deben revisar bajo qu\u00e9 condiciones el supuesto \u201cbeneficio\u201d fue entregado, y si observan que han sido v\u00edctimas de abusos, presentar inmediatamente el reclamo al Sernac a trav\u00e9s de las oficinas del IPS ubicadas en calle Serrano esquina Latorre en la comuna de Castro\u201d, puntualiz\u00f3 Vera.<\/p>\n<p style=\"text-align: justify;\">A\u00f1adi\u00f3 m\u00e1s adelante que \u201cestos tipos de abusos de una vez por todas deben terminar, no es posible que humildes jubilados est\u00e9n siendo estrujados con estos cobros indebidos, y que lejos de aliviar sus alica\u00eddos ingresos los terminan derechamente empobreciendo y enfermando\u201d, remarc\u00f3.<\/p>\n<p style=\"text-align: justify;\">En la misma l\u00ednea su colega Fernando B\u00f3rquez expres\u00f3 que el ranking recientemente publicado por el Servicio Nacional del Consumidor, en relaci\u00f3n a los reclamos contra las Cajas de Compensaci\u00f3n, que estableci\u00f3 un aumento de 325 por ciento en el n\u00famero de quejas presentadas contra estas instituciones, \u201cdemuestra que estos organismos en vez de mejorar sus servicios fundamentalmente a pensionados, han aumentado sus malas pr\u00e1cticas en relaci\u00f3n a estudios anteriores\u201d, expres\u00f3 B\u00f3rquez.<\/p>\n<p style=\"text-align: justify;\">Resalt\u00f3 adem\u00e1s que \u201cque aqu\u00ed en Castro se viven situaciones del mismo tipo que a nivel nacional, donde los afectados, principalmente jubilados, se quejan por cobros indebidos, falta de informaci\u00f3n sobre los cr\u00e9ditos sociales e incumplimientos en lo contratado\u201d.<\/p>\n<p style=\"text-align: justify;\">Finalmente ambos ediles reiteraron el llamado a la comunidad local, y principalmente a los usuarios de cr\u00e9ditos sociales de las Cajas de Compensaci\u00f3n, a informarse antes de aceptar un cr\u00e9dito, y a quienes ya lo han obtenido revisar bajo qu\u00e9 condiciones el supuesto \u201cbeneficio\u201d fue entregado.<\/p>\n<p style=\"text-align: justify;\">Departamento de Prensa<\/p>\n","protected":false},"excerpt":{"rendered":"<p>Un llamado a la comunidad castre\u00f1a a informarse antes de solicitar un cr\u00e9dito de consumo en alguna caja de Compensaci\u00f3n, hizo el concejal castre\u00f1o Juan Eduardo Vera destacando de paso el trabajo que ha desarrollado Sernac por la clara disposici\u00f3n de \u00e9stos a defender los derechos de los consumidores. \u201cy a quienes ya lo han [&hellip;]<\/p>\n","protected":false},"author":2,"featured_media":1921,"comment_status":"open","ping_status":"open","sticky":false,"template":"","format":"standard","meta":[],"categories":[3],"tags":[5],"jetpack_featured_media_url":"https:\/\/www.radiochiloe.cl\/wp-content\/uploads\/2012\/06\/concejales1.jpg","_links":{"self":[{"href":"https:\/\/www.radiochiloe.cl\/index.php?rest_route=\/wp\/v2\/posts\/1920"}],"collection":[{"href":"https:\/\/www.radiochiloe.cl\/index.php?rest_route=\/wp\/v2\/posts"}],"about":[{"href":"https:\/\/www.radiochiloe.cl\/index.php?rest_route=\/wp\/v2\/types\/post"}],"author":[{"embeddable":true,"href":"https:\/\/www.radiochiloe.cl\/index.php?rest_route=\/wp\/v2\/users\/2"}],"replies":[{"embeddable":true,"href":"https:\/\/www.radiochiloe.cl\/index.php?rest_route=%2Fwp%2Fv2%2Fcomments&post=1920"}],"version-history":[{"count":2,"href":"https:\/\/www.radiochiloe.cl\/index.php?rest_route=\/wp\/v2\/posts\/1920\/revisions"}],"predecessor-version":[{"id":1923,"href":"https:\/\/www.radiochiloe.cl\/index.php?rest_route=\/wp\/v2\/posts\/1920\/revisions\/1923"}],"wp:featuredmedia":[{"embeddable":true,"href":"https:\/\/www.radiochiloe.cl\/index.php?rest_route=\/wp\/v2\/media\/1921"}],"wp:attachment":[{"href":"https:\/\/www.radiochiloe.cl\/index.php?rest_route=%2Fwp%2Fv2%2Fmedia&parent=1920"}],"wp:term":[{"taxonomy":"category","embeddable":true,"href":"https:\/\/www.radiochiloe.cl\/index.php?rest_route=%2Fwp%2Fv2%2Fcategories&post=1920"},{"taxonomy":"post_tag","embeddable":true,"href":"https:\/\/www.radiochiloe.cl\/index.php?rest_route=%2Fwp%2Fv2%2Ftags&post=1920"}],"curies":[{"name":"wp","href":"https:\/\/api.w.org\/{rel}","templated":true}]}}