{"id":1938,"date":"2012-06-29T08:00:51","date_gmt":"2012-06-29T12:00:51","guid":{"rendered":"http:\/\/www.radiochiloe.cl\/?p=1938"},"modified":"2012-06-28T18:25:21","modified_gmt":"2012-06-28T22:25:21","slug":"conaf-celebro-dia-del-arbol-entregando-mas-de-9-mil-plantas","status":"publish","type":"post","link":"https:\/\/www.radiochiloe.cl\/?p=1938","title":{"rendered":"CONAF celebr\u00f3 d\u00eda del \u00e1rbol entregando m\u00e1s de 9 mil plantas"},"content":{"rendered":"<p style=\"text-align: justify;\">En el marco del d\u00eda internacional del \u00e1rbol y el programa de Arborizaci\u00f3n impulsado por el Presidente Sebasti\u00e1n Pi\u00f1era, la Corporaci\u00f3n Nacional Forestal, CONAF dependiente del Ministerio de Agricultura entreg\u00f3 m\u00e1s de 9 mil plantas en la isla de Chilo\u00e9.<\/p>\n<p style=\"text-align: justify;\">El acto central se realiz\u00f3 en el colegio \u00abEl Pilar\u00bb de Ancud, establecimiento educacional de la Regi\u00f3n que se encuentra certificado ambientalmente.<\/p>\n<p style=\"text-align: justify;\">El Jefe Provincial de CONAF, Alejandro D\u00edaz explic\u00f3 que la actividad consisti\u00f3 en la visita de Forestin a los niveles preb\u00e1sicos del colegio \u201cEl Pilar\u201d entreg\u00e1ndole a cada ni\u00f1o un \u00e1rbol y material alusivo a este d\u00eda. Posteriormente se realiz\u00f3 un acto art\u00edstico cultural por parte de los alumnos a quienes se les entreg\u00f3 de manera simb\u00f3lica un \u00e1rbol al Director del Colegio, Carlos Garc\u00eda, adem\u00e1s de los profesores y alumnos.<\/p>\n<p style=\"text-align: justify;\">El Director Regional de CONAF, Jorge Aichele, junto con valorar la actividad realizada en Ancud resalt\u00f3 la importancia de los \u00e1rboles para preservar el medio ambiente y mejorar la calidad de vida de los habitantes en este caso de Chilo\u00e9, \u201ccomo CONAF estamos muy satisfechos con el programa \u201cArborizaci\u00f3n\u201d, ya que, nos ha permitido acercarnos al mundo urbano y sobre todo a los establecimientos educacionales que son fundamental para crear conciencia en las futuras generaciones respecto al cuidado del medio ambiente no solo para la Regi\u00f3n sino que tambi\u00e9n para el pa\u00eds\u201d, puntualiz\u00f3 Aichele.<\/p>\n<p style=\"text-align: justify;\">Lo propio dijo el Seremi de Agricultura, Rodrigo Mardones, quien se refiri\u00f3 a la importancia que tiene para el Gobierno el cuidado del medio ambiente, el cual, se ha plasmado en el Programa de \u201cArborizaci\u00f3n\u201d que busca plantar al a\u00f1o 2018 un \u00e1rbol por cada chileno, es decir, 17 millones de plantas, \u201c hoy se entregaron mas de 9 mil plantas en Chilo\u00e9 y esperamos que la comunidad considere la trascendencia que tiene la responsabilidad de cuidar el medio ambiente, sobre todo con los problemas de contaminaci\u00f3n, calentamiento global y cambios clim\u00e1ticos que hoy existen en Chile y el mundo\u201d, se\u00f1al\u00f3 la autoridad del Agro.<\/p>\n<p style=\"text-align: justify;\">A la actividad organizada por CONAF Chilo\u00e9 asistieron m\u00e1s de 400 personas entreg\u00e1ndole a cada ni\u00f1o del colegio un \u00e1rbol, lo que en total sumaron 720 plantas.<\/p>\n<p style=\"text-align: justify;\">En forma paralela un grupo de funcionarios de CONAF encabezado por Rodrigo Rojas, efectu\u00f3 una actividad de capacitaci\u00f3n y posterior entrega de 7900 plantas de Coihue a productores agr\u00edcolas de la Isla de Quehui, comuna de Castro. Otro grupo, en tanto, se dirigi\u00f3 a la ciudad de Quinchao donde se entregaron 400 \u00e1rboles a los alumnos y del Liceo Insular de Achao.<\/p>\n<p style=\"text-align: justify;\">Departamento de Prensa<\/p>\n","protected":false},"excerpt":{"rendered":"<p>En el marco del d\u00eda internacional del \u00e1rbol y el programa de Arborizaci\u00f3n impulsado por el Presidente Sebasti\u00e1n Pi\u00f1era, la Corporaci\u00f3n Nacional Forestal, CONAF dependiente del Ministerio de Agricultura entreg\u00f3 m\u00e1s de 9 mil plantas en la isla de Chilo\u00e9. El acto central se realiz\u00f3 en el colegio \u00abEl Pilar\u00bb de Ancud, establecimiento educacional de [&hellip;]<\/p>\n","protected":false},"author":2,"featured_media":1939,"comment_status":"open","ping_status":"open","sticky":false,"template":"","format":"standard","meta":[],"categories":[3],"tags":[5],"jetpack_featured_media_url":"https:\/\/www.radiochiloe.cl\/wp-content\/uploads\/2012\/06\/conafarbol.jpg","_links":{"self":[{"href":"https:\/\/www.radiochiloe.cl\/index.php?rest_route=\/wp\/v2\/posts\/1938"}],"collection":[{"href":"https:\/\/www.radiochiloe.cl\/index.php?rest_route=\/wp\/v2\/posts"}],"about":[{"href":"https:\/\/www.radiochiloe.cl\/index.php?rest_route=\/wp\/v2\/types\/post"}],"author":[{"embeddable":true,"href":"https:\/\/www.radiochiloe.cl\/index.php?rest_route=\/wp\/v2\/users\/2"}],"replies":[{"embeddable":true,"href":"https:\/\/www.radiochiloe.cl\/index.php?rest_route=%2Fwp%2Fv2%2Fcomments&post=1938"}],"version-history":[{"count":1,"href":"https:\/\/www.radiochiloe.cl\/index.php?rest_route=\/wp\/v2\/posts\/1938\/revisions"}],"predecessor-version":[{"id":1940,"href":"https:\/\/www.radiochiloe.cl\/index.php?rest_route=\/wp\/v2\/posts\/1938\/revisions\/1940"}],"wp:featuredmedia":[{"embeddable":true,"href":"https:\/\/www.radiochiloe.cl\/index.php?rest_route=\/wp\/v2\/media\/1939"}],"wp:attachment":[{"href":"https:\/\/www.radiochiloe.cl\/index.php?rest_route=%2Fwp%2Fv2%2Fmedia&parent=1938"}],"wp:term":[{"taxonomy":"category","embeddable":true,"href":"https:\/\/www.radiochiloe.cl\/index.php?rest_route=%2Fwp%2Fv2%2Fcategories&post=1938"},{"taxonomy":"post_tag","embeddable":true,"href":"https:\/\/www.radiochiloe.cl\/index.php?rest_route=%2Fwp%2Fv2%2Ftags&post=1938"}],"curies":[{"name":"wp","href":"https:\/\/api.w.org\/{rel}","templated":true}]}}