{"id":1988,"date":"2012-06-30T08:00:03","date_gmt":"2012-06-30T12:00:03","guid":{"rendered":"http:\/\/www.radiochiloe.cl\/?p=1988"},"modified":"2012-06-29T17:56:39","modified_gmt":"2012-06-29T21:56:39","slug":"alcalde-de-quellon-escucho-inquietudes-de-los-vecinos-de-la-poblacion-11-de-septiembre","status":"publish","type":"post","link":"https:\/\/www.radiochiloe.cl\/?p=1988","title":{"rendered":"Alcalde de Quell\u00f3n escuch\u00f3 inquietudes de los vecinos de la poblaci\u00f3n 11 de septiembre"},"content":{"rendered":"<p style=\"text-align: justify;\">Con un operativo c\u00edvico en terreno el municipio de Quell\u00f3n llev\u00f3 sus servicios hasta la poblaci\u00f3n 11 de septiembre de la comuna. En la sede del sector los vecinos pudieron hacer consultas sobre subsidios y postulaciones a proyectos.<\/p>\n<p style=\"text-align: justify;\">Mar\u00eda Lepio aprovech\u00f3 la ocasi\u00f3n para aclarar sus dudas con respecto a la ficha de protecci\u00f3n social. \u201cEst\u00e1 bien que vengan porque a veces uno est\u00e1 enferma y no puede salir a hacer las consultas.<\/p>\n<p style=\"text-align: justify;\">Adem\u00e1s, funcionarios municipales y del programa pro empleo realizaron una limpieza en el barrio, ubicado en la parte sur de la ciudad puerto. Tambi\u00e9n se trabaj\u00f3 en la reposici\u00f3n de luminarias y en la plantaci\u00f3n de \u00e1rboles.<\/p>\n<p style=\"text-align: justify;\">En tanto la junta de vecinos tuvo la posibilidad de plantear sus inquietudes al alcalde Iv\u00e1n Haro, entre las que se encuentra la necesidad de contar con una nueva sede. \u201cHemos conversado con los vecinos e hicimos un recorrido juntos por el sector. Esperamos continuar entregando soluciones a quienes viven en la poblaci\u00f3n 11 de septiembre, por ejemplo ya dotamos a una zona de alarmas domiciliarias y vamos a continuar respondiendo a sus necesidades\u201d, dijo el edil.<\/p>\n<p style=\"text-align: justify;\">Nora Panichini, presidenta de la junta de vecinos afirm\u00f3 que uno de sus desaf\u00edos es hacer un plan de trabajo con el municipio. \u201cEl arreglo de nuestra sede es lo m\u00e1s importante para nosotros y tenemos que preparar un proyecto por lo que esperamos que el municipio nos apoye\u201d, cont\u00f3 Panichini.<\/p>\n<p style=\"text-align: justify;\">Departamento de Prensa<\/p>\n","protected":false},"excerpt":{"rendered":"<p>Con un operativo c\u00edvico en terreno el municipio de Quell\u00f3n llev\u00f3 sus servicios hasta la poblaci\u00f3n 11 de septiembre de la comuna. En la sede del sector los vecinos pudieron hacer consultas sobre subsidios y postulaciones a proyectos. Mar\u00eda Lepio aprovech\u00f3 la ocasi\u00f3n para aclarar sus dudas con respecto a la ficha de protecci\u00f3n social. [&hellip;]<\/p>\n","protected":false},"author":2,"featured_media":1989,"comment_status":"open","ping_status":"open","sticky":false,"template":"","format":"standard","meta":[],"categories":[3],"tags":[5],"jetpack_featured_media_url":"https:\/\/www.radiochiloe.cl\/wp-content\/uploads\/2012\/06\/operativoquellon1.jpg","_links":{"self":[{"href":"https:\/\/www.radiochiloe.cl\/index.php?rest_route=\/wp\/v2\/posts\/1988"}],"collection":[{"href":"https:\/\/www.radiochiloe.cl\/index.php?rest_route=\/wp\/v2\/posts"}],"about":[{"href":"https:\/\/www.radiochiloe.cl\/index.php?rest_route=\/wp\/v2\/types\/post"}],"author":[{"embeddable":true,"href":"https:\/\/www.radiochiloe.cl\/index.php?rest_route=\/wp\/v2\/users\/2"}],"replies":[{"embeddable":true,"href":"https:\/\/www.radiochiloe.cl\/index.php?rest_route=%2Fwp%2Fv2%2Fcomments&post=1988"}],"version-history":[{"count":2,"href":"https:\/\/www.radiochiloe.cl\/index.php?rest_route=\/wp\/v2\/posts\/1988\/revisions"}],"predecessor-version":[{"id":1991,"href":"https:\/\/www.radiochiloe.cl\/index.php?rest_route=\/wp\/v2\/posts\/1988\/revisions\/1991"}],"wp:featuredmedia":[{"embeddable":true,"href":"https:\/\/www.radiochiloe.cl\/index.php?rest_route=\/wp\/v2\/media\/1989"}],"wp:attachment":[{"href":"https:\/\/www.radiochiloe.cl\/index.php?rest_route=%2Fwp%2Fv2%2Fmedia&parent=1988"}],"wp:term":[{"taxonomy":"category","embeddable":true,"href":"https:\/\/www.radiochiloe.cl\/index.php?rest_route=%2Fwp%2Fv2%2Fcategories&post=1988"},{"taxonomy":"post_tag","embeddable":true,"href":"https:\/\/www.radiochiloe.cl\/index.php?rest_route=%2Fwp%2Fv2%2Ftags&post=1988"}],"curies":[{"name":"wp","href":"https:\/\/api.w.org\/{rel}","templated":true}]}}