{"id":2014,"date":"2012-07-03T07:00:39","date_gmt":"2012-07-03T11:00:39","guid":{"rendered":"http:\/\/www.radiochiloe.cl\/?p=2014"},"modified":"2012-07-02T16:26:54","modified_gmt":"2012-07-02T20:26:54","slug":"centro-de-salud-provisorio-inicia-atencion-para-vecinos-de-pudeto-bajo","status":"publish","type":"post","link":"https:\/\/www.radiochiloe.cl\/?p=2014","title":{"rendered":"Centro de Salud  Provisorio inicia atenci\u00f3n para vecinos de Pudeto Bajo"},"content":{"rendered":"<p style=\"text-align: justify;\">En el marco de los compromisos asumidos por de Ancud Federico Kruger, hoy martes 3 de Julio comienza a funcionar el centro de salud provisorio para los usuarios del sector de Pudeto Bajo. As\u00ed lo dio a conocer la Directora de Salud (S) de la Corporaci\u00f3n Municipal de Ancud Ximena Gonzal\u00ed quien se\u00f1al\u00f3 que todo se encuentra a punto para comenzar a atender a los usuarios del mencionado sector \u201cbueno se ha trabajado en los tiempos acordados y se est\u00e1 cumpliendo con los vecinos que esperaban en esta fecha contar con este centro de salud provisorio que funciona a un costado de la sede social de Padre Hurtado\u201d indic\u00f3 la profesional.<\/p>\n<p style=\"text-align: justify;\">De esta manera se contempla a primera hora de este martes, la entrega de medicamentos, la atenci\u00f3n de m\u00e9dico, enfermera y matrona entre otras prestaciones, labores que se desarrollar\u00e1n en los containers ubicados en el sector de Padre Hurtado que se habilitaron especialmente como box de atenci\u00f3n. Incluso la misma sede social formar\u00e1 parte del servicio entregado a la comunidad, ya que se encuentra conectado, a trav\u00e9s de un pasillo, con los containers ubicados en la parte exterior de la sede.<\/p>\n<p style=\"text-align: justify;\">Cabe se\u00f1alar que desde el primer momento de la p\u00e9rdida del Centro de Salud de Pudeto Bajo,- ocurrido a finales del mes de febrero- la m\u00e1xima autoridad comunal en conjunto con la Corporaci\u00f3n Municipal de Ancud coordinaron y gestionaron diversas medidas de car\u00e1cter urgente, para asumir la atenci\u00f3n de salud de m\u00e1s de cinco mil personas y que implic\u00f3 una inversi\u00f3n millonaria de parte de la SUBDERE y el propio Servicio de Salud Chilo\u00e9, para adecuar un centro de salud provisorio que permita atender a uno de los sectores urbanos m\u00e1s grandes de la comuna de Ancud, un espacio que se mantendr\u00e1 hasta contar con un nuevo recinto en el mismo sector, tema que cuenta con el apoyo de las autoridades del Ministerio de Salud.<\/p>\n<p style=\"text-align: justify;\">Es as\u00ed como en 4 meses la poblaci\u00f3n que se atend\u00eda en centro de salud de Pudeto Bajo y los propios funcionarios del desaparecido recinto, tuvieron que trasladarse al Centro de Salud Familiar \u201cManuel Ferreira\u201d y en menor medida al CECOSF de Bellavista, donde se adecuaron los horarios de atenci\u00f3n y se ajustaron nuevos horarios de trabajo, a fin de minimizar el impacto que signific\u00f3 la p\u00e9rdida de un centro de atenci\u00f3n primaria, para la comuna de Ancud.<\/p>\n<p style=\"text-align: justify;\">De esta forma se espera que durante los pr\u00f3ximos d\u00edas se regularice la atenci\u00f3n para los vecinos del sector de Pudeto bajo, lo que significar\u00e1 descongestionar de manera importante los otros centros de referencia local. Por lo pronto el Alcalde Kruger visitar\u00e1 esta semana las nuevas dependencias habilitadas a fin de comprobar en terreno la puesta en marcha de este centro de salud provisorio para la comuna de Ancud.<\/p>\n<p style=\"text-align: justify;\">Departamento de Prensa<\/p>\n","protected":false},"excerpt":{"rendered":"<p>En el marco de los compromisos asumidos por de Ancud Federico Kruger, hoy martes 3 de Julio comienza a funcionar el centro de salud provisorio para los usuarios del sector de Pudeto Bajo. As\u00ed lo dio a conocer la Directora de Salud (S) de la Corporaci\u00f3n Municipal de Ancud Ximena Gonzal\u00ed quien se\u00f1al\u00f3 que todo [&hellip;]<\/p>\n","protected":false},"author":2,"featured_media":2015,"comment_status":"open","ping_status":"open","sticky":false,"template":"","format":"standard","meta":[],"categories":[3],"tags":[5],"jetpack_featured_media_url":"https:\/\/www.radiochiloe.cl\/wp-content\/uploads\/2012\/07\/ancud.jpg","_links":{"self":[{"href":"https:\/\/www.radiochiloe.cl\/index.php?rest_route=\/wp\/v2\/posts\/2014"}],"collection":[{"href":"https:\/\/www.radiochiloe.cl\/index.php?rest_route=\/wp\/v2\/posts"}],"about":[{"href":"https:\/\/www.radiochiloe.cl\/index.php?rest_route=\/wp\/v2\/types\/post"}],"author":[{"embeddable":true,"href":"https:\/\/www.radiochiloe.cl\/index.php?rest_route=\/wp\/v2\/users\/2"}],"replies":[{"embeddable":true,"href":"https:\/\/www.radiochiloe.cl\/index.php?rest_route=%2Fwp%2Fv2%2Fcomments&post=2014"}],"version-history":[{"count":2,"href":"https:\/\/www.radiochiloe.cl\/index.php?rest_route=\/wp\/v2\/posts\/2014\/revisions"}],"predecessor-version":[{"id":2017,"href":"https:\/\/www.radiochiloe.cl\/index.php?rest_route=\/wp\/v2\/posts\/2014\/revisions\/2017"}],"wp:featuredmedia":[{"embeddable":true,"href":"https:\/\/www.radiochiloe.cl\/index.php?rest_route=\/wp\/v2\/media\/2015"}],"wp:attachment":[{"href":"https:\/\/www.radiochiloe.cl\/index.php?rest_route=%2Fwp%2Fv2%2Fmedia&parent=2014"}],"wp:term":[{"taxonomy":"category","embeddable":true,"href":"https:\/\/www.radiochiloe.cl\/index.php?rest_route=%2Fwp%2Fv2%2Fcategories&post=2014"},{"taxonomy":"post_tag","embeddable":true,"href":"https:\/\/www.radiochiloe.cl\/index.php?rest_route=%2Fwp%2Fv2%2Ftags&post=2014"}],"curies":[{"name":"wp","href":"https:\/\/api.w.org\/{rel}","templated":true}]}}