{"id":2018,"date":"2012-07-03T09:51:44","date_gmt":"2012-07-03T13:51:44","guid":{"rendered":"http:\/\/www.radiochiloe.cl\/?p=2018"},"modified":"2012-07-03T09:51:44","modified_gmt":"2012-07-03T13:51:44","slug":"funcionarios-de-los-diferentes-centros-de-salud-primaria-se-capacitan","status":"publish","type":"post","link":"https:\/\/www.radiochiloe.cl\/?p=2018","title":{"rendered":"Funcionarios de los diferentes centros de salud primaria se capacitan"},"content":{"rendered":"<p style=\"text-align: justify;\">El programa infantil y promoci\u00f3n del Centro de Salud Familiar de Castro, est\u00e1 realizando una capacitaci\u00f3n a los funcionarios de los CECOF Llau-Llao, Kintunien y Ril\u00e1n, en estilo de vida saludable.<\/p>\n<p style=\"text-align: justify;\">Esta capacitaci\u00f3n surge por la alta demanda de enfermedades cr\u00f3nicas no trasmisibles, como la diabetes, hipertensi\u00f3n, dislipidemia (colesterol alto) y obesidad. La finalidad de esta capacitaci\u00f3n es para que los equipos de salud cuenten con las herramientas de educaci\u00f3n en alimentaci\u00f3n saludable y ejercicio. La alianza entre ejercicio y nutrici\u00f3n es el mejor remedio para la prevenci\u00f3n y tratamiento de m\u00faltiples alteraciones cardiovasculares, as\u00ed lo afirm\u00f3 Ruth C\u00e1rdenas, Enfermera Jefa del Programa Infantil.<\/p>\n<p style=\"text-align: justify;\">La obesidad es una enfermedad cr\u00f3nica caracterizada por acumulaci\u00f3n de grasa en el cuerpo que no es compatible con el estado de salud, se\u00f1al\u00f3 Carmen Gloria Guichapani, nutricionista. Una buena alimentaci\u00f3n permite crecer normalmente y mantenerse sano. Evita enfermedades y cumple las condiciones de variedad, suficiencia, equilibrio e inocuidad.<\/p>\n<p style=\"text-align: justify;\">Por su parte \u00c1lvaro Espinoza, Profesor Educaci\u00f3n F\u00edsica del Cesfam, manifest\u00f3 que hay que considerar las variables que da\u00f1an el estilo de vida de las personas. Es por esto, que el ejercicio f\u00edsico debe apuntar a la prevenci\u00f3n o terapia, dosificado en intensidad, duraci\u00f3n, frecuencia y modalidad permitiendo la adaptaci\u00f3n necesaria para la obesidad y patolog\u00edas asociadas. Es fundamental, que los equipos de salud inviten a la poblaci\u00f3n a ser f\u00edsicamente activa, concluy\u00f3.<\/p>\n<p style=\"text-align: justify;\">Departamento de Prensa<\/p>\n","protected":false},"excerpt":{"rendered":"<p>El programa infantil y promoci\u00f3n del Centro de Salud Familiar de Castro, est\u00e1 realizando una capacitaci\u00f3n a los funcionarios de los CECOF Llau-Llao, Kintunien y Ril\u00e1n, en estilo de vida saludable. Esta capacitaci\u00f3n surge por la alta demanda de enfermedades cr\u00f3nicas no trasmisibles, como la diabetes, hipertensi\u00f3n, dislipidemia (colesterol alto) y obesidad. La finalidad de [&hellip;]<\/p>\n","protected":false},"author":2,"featured_media":2019,"comment_status":"open","ping_status":"open","sticky":false,"template":"","format":"standard","meta":[],"categories":[3],"tags":[5],"jetpack_featured_media_url":"https:\/\/www.radiochiloe.cl\/wp-content\/uploads\/2012\/07\/capacitacion.jpg","_links":{"self":[{"href":"https:\/\/www.radiochiloe.cl\/index.php?rest_route=\/wp\/v2\/posts\/2018"}],"collection":[{"href":"https:\/\/www.radiochiloe.cl\/index.php?rest_route=\/wp\/v2\/posts"}],"about":[{"href":"https:\/\/www.radiochiloe.cl\/index.php?rest_route=\/wp\/v2\/types\/post"}],"author":[{"embeddable":true,"href":"https:\/\/www.radiochiloe.cl\/index.php?rest_route=\/wp\/v2\/users\/2"}],"replies":[{"embeddable":true,"href":"https:\/\/www.radiochiloe.cl\/index.php?rest_route=%2Fwp%2Fv2%2Fcomments&post=2018"}],"version-history":[{"count":2,"href":"https:\/\/www.radiochiloe.cl\/index.php?rest_route=\/wp\/v2\/posts\/2018\/revisions"}],"predecessor-version":[{"id":2021,"href":"https:\/\/www.radiochiloe.cl\/index.php?rest_route=\/wp\/v2\/posts\/2018\/revisions\/2021"}],"wp:featuredmedia":[{"embeddable":true,"href":"https:\/\/www.radiochiloe.cl\/index.php?rest_route=\/wp\/v2\/media\/2019"}],"wp:attachment":[{"href":"https:\/\/www.radiochiloe.cl\/index.php?rest_route=%2Fwp%2Fv2%2Fmedia&parent=2018"}],"wp:term":[{"taxonomy":"category","embeddable":true,"href":"https:\/\/www.radiochiloe.cl\/index.php?rest_route=%2Fwp%2Fv2%2Fcategories&post=2018"},{"taxonomy":"post_tag","embeddable":true,"href":"https:\/\/www.radiochiloe.cl\/index.php?rest_route=%2Fwp%2Fv2%2Ftags&post=2018"}],"curies":[{"name":"wp","href":"https:\/\/api.w.org\/{rel}","templated":true}]}}