{"id":2028,"date":"2012-07-03T10:54:13","date_gmt":"2012-07-03T14:54:13","guid":{"rendered":"http:\/\/www.radiochiloe.cl\/?p=2028"},"modified":"2012-07-03T10:54:13","modified_gmt":"2012-07-03T14:54:13","slug":"se-inauguro-la-nueva-sede-social-de-la-poblacion-lautaro","status":"publish","type":"post","link":"https:\/\/www.radiochiloe.cl\/?p=2028","title":{"rendered":"Se inaugur\u00f3 la nueva sede social de la poblaci\u00f3n Lautaro"},"content":{"rendered":"<p style=\"text-align: justify;\">El s\u00e1bado reci\u00e9n pasado se desarroll\u00f3 la inauguraci\u00f3n oficial de la sede social de la poblaci\u00f3n Lautaro, acto que cont\u00f3 con la presencia de autoridades y algunos vecinos, que se alegraron por el avance que experimenta este populoso barrio del sector alto de Castro.<\/p>\n<p style=\"text-align: justify;\">La actual presidenta de la junta de vecinos de la poblaci\u00f3n Lautaro, Floridemia Pillampel hizo especial hincapi\u00e9 en su discurso, que se han cumplido dos sue\u00f1os bastantes importantes pero se seguir\u00e1 luchando para hacer realidad otros dos sentidos proyectos para el sector.<\/p>\n<p style=\"text-align: justify;\">\u201cSe est\u00e1n cumpliendo dos sue\u00f1os muy importantes, pero falta otros dos, como es la pavimentaci\u00f3n de nuestras calles y la restauraci\u00f3n de nuestra multicancha que esta en muy mal estado\u201d sentenci\u00f3 la dirigenta.<\/p>\n<p style=\"text-align: justify;\">En tanto el alcalde Nelson \u00c1guila se\u00f1al\u00f3 que esta nueva sede tuvo un costo cercano a los 22 millones de pesos, por eso hizo un llamado a la comunidad para que cuide esta inversi\u00f3n<\/p>\n<p style=\"text-align: justify;\">\u201cEsperamos que las vecinos y vecinas del sector cuiden esta nueva sede, que costo un enorme sacrificio y un largo caminar de los dirigentes en especial de la presidenta. Ahora, este tipo de construcciones ya no son las mismas de antes, el dise\u00f1o es m\u00e1s armonioso y cumplen con todas las expectativas de la comunidad, sobre todo que en el detalle de la construcci\u00f3n posee un ba\u00f1o para discapacitados, lo que es un logr\u00f3 significativo\u201d expres\u00f3 la autoridad<\/p>\n<p style=\"text-align: justify;\">Cabe mencionar que en la oportunidad el acto cont\u00f3 con la actuaci\u00f3n especial de Pachoco y su acorde\u00f3n, quien junto a su padre mostr\u00f3 lo mejor de su repertorio.<\/p>\n<p style=\"text-align: justify;\">Por \u00faltimo la ceremonia concluy\u00f3 con el tradicional corte de cinta, donde particip\u00f3 el alcalde Nelson \u00c1guila, los concejales Fernando B\u00f3rquez y Francisco Vargas, el representante de Carabineros, Lorena Barr\u00eda funcionaria a cargo del programa de seguridad p\u00fablica de la comuna de Castro y todos los vecinos, quienes adem\u00e1s disfrutaron de un coctel para celebrar la inauguraci\u00f3n de esta nueva sede social.<\/p>\n<p style=\"text-align: justify;\">Departamento de Prensa<\/p>\n","protected":false},"excerpt":{"rendered":"<p>El s\u00e1bado reci\u00e9n pasado se desarroll\u00f3 la inauguraci\u00f3n oficial de la sede social de la poblaci\u00f3n Lautaro, acto que cont\u00f3 con la presencia de autoridades y algunos vecinos, que se alegraron por el avance que experimenta este populoso barrio del sector alto de Castro. La actual presidenta de la junta de vecinos de la poblaci\u00f3n [&hellip;]<\/p>\n","protected":false},"author":2,"featured_media":2029,"comment_status":"open","ping_status":"open","sticky":false,"template":"","format":"standard","meta":[],"categories":[3],"tags":[5],"jetpack_featured_media_url":"https:\/\/www.radiochiloe.cl\/wp-content\/uploads\/2012\/07\/inauguracion.jpg","_links":{"self":[{"href":"https:\/\/www.radiochiloe.cl\/index.php?rest_route=\/wp\/v2\/posts\/2028"}],"collection":[{"href":"https:\/\/www.radiochiloe.cl\/index.php?rest_route=\/wp\/v2\/posts"}],"about":[{"href":"https:\/\/www.radiochiloe.cl\/index.php?rest_route=\/wp\/v2\/types\/post"}],"author":[{"embeddable":true,"href":"https:\/\/www.radiochiloe.cl\/index.php?rest_route=\/wp\/v2\/users\/2"}],"replies":[{"embeddable":true,"href":"https:\/\/www.radiochiloe.cl\/index.php?rest_route=%2Fwp%2Fv2%2Fcomments&post=2028"}],"version-history":[{"count":3,"href":"https:\/\/www.radiochiloe.cl\/index.php?rest_route=\/wp\/v2\/posts\/2028\/revisions"}],"predecessor-version":[{"id":2032,"href":"https:\/\/www.radiochiloe.cl\/index.php?rest_route=\/wp\/v2\/posts\/2028\/revisions\/2032"}],"wp:featuredmedia":[{"embeddable":true,"href":"https:\/\/www.radiochiloe.cl\/index.php?rest_route=\/wp\/v2\/media\/2029"}],"wp:attachment":[{"href":"https:\/\/www.radiochiloe.cl\/index.php?rest_route=%2Fwp%2Fv2%2Fmedia&parent=2028"}],"wp:term":[{"taxonomy":"category","embeddable":true,"href":"https:\/\/www.radiochiloe.cl\/index.php?rest_route=%2Fwp%2Fv2%2Fcategories&post=2028"},{"taxonomy":"post_tag","embeddable":true,"href":"https:\/\/www.radiochiloe.cl\/index.php?rest_route=%2Fwp%2Fv2%2Ftags&post=2028"}],"curies":[{"name":"wp","href":"https:\/\/api.w.org\/{rel}","templated":true}]}}