{"id":2037,"date":"2012-07-04T07:00:58","date_gmt":"2012-07-04T11:00:58","guid":{"rendered":"http:\/\/www.radiochiloe.cl\/?p=2037"},"modified":"2012-07-03T20:43:47","modified_gmt":"2012-07-04T00:43:47","slug":"vecinos-de-conab-contaran-con-moderna-rampa","status":"publish","type":"post","link":"https:\/\/www.radiochiloe.cl\/?p=2037","title":{"rendered":"Vecinos de Co\u00f1ab contaran con moderna rampa"},"content":{"rendered":"<p style=\"text-align: justify;\">(FOTO ARCHIVO)<\/p>\n<p style=\"text-align: justify;\">Dentro de estos d\u00edas se inician los trabajos de ejecuci\u00f3n de la nueva rampa del sector de Co\u00f1ab, en la comuna de Quinchao, el cual fue gestionado por el municipio local.<\/p>\n<p style=\"text-align: justify;\">Seg\u00fan lo informado por el Alcalde de Quinchao, Santiago Torres, que esta rampa involucra una inversi\u00f3n del orden de los 800 millones de pesos, con un plazo de ejecuci\u00f3n de 365 d\u00edas a contar de la fecha de resoluci\u00f3n de entrega del terreno por parte de Obras Portuarias.<\/p>\n<p style=\"text-align: justify;\">El edil Torres explic\u00f3 que esta infraestructura adem\u00e1s va a beneficiar a los habitantes de las islas de Quehui y Chel\u00edn, pertenecientes a la comuna de Castro, las que consisten en rampas de piso y peatonales, con lo cual no usuarios no tendr\u00e1n problemas para embarcar y desembarcar sus productos en cualquier marea.<\/p>\n<p style=\"text-align: justify;\">Cabe se\u00f1alar que le empresa que est\u00e1 a cargo de los trabajos de la rampa del sector de Co\u00f1ab es Ingenier\u00eda construcciones Arancibia S.A.<\/p>\n<p style=\"text-align: justify;\">Esta etapa de construcci\u00f3n consiste en la creaci\u00f3n de una rampa peatonal de hormig\u00f3n sobre pilotes de 2,2 metros de ancho por 135 metros de largo incluyendo una explanada de 500 metros cuadrados, dotado de un refugio de pasajeros de 30 metros cuadrados y camino de acceso de 30 metros de largo por 7 metros de ancho, la cual es financiada por la direcci\u00f3n de Obras Hidr\u00e1ulicas.<\/p>\n<p style=\"text-align: justify;\">Departamento de Prensa<\/p>\n","protected":false},"excerpt":{"rendered":"<p>(FOTO ARCHIVO) Dentro de estos d\u00edas se inician los trabajos de ejecuci\u00f3n de la nueva rampa del sector de Co\u00f1ab, en la comuna de Quinchao, el cual fue gestionado por el municipio local. Seg\u00fan lo informado por el Alcalde de Quinchao, Santiago Torres, que esta rampa involucra una inversi\u00f3n del orden de los 800 millones [&hellip;]<\/p>\n","protected":false},"author":2,"featured_media":2038,"comment_status":"open","ping_status":"open","sticky":false,"template":"","format":"standard","meta":[],"categories":[3],"tags":[5],"jetpack_featured_media_url":"https:\/\/www.radiochiloe.cl\/wp-content\/uploads\/2012\/07\/rampaconab.jpg","_links":{"self":[{"href":"https:\/\/www.radiochiloe.cl\/index.php?rest_route=\/wp\/v2\/posts\/2037"}],"collection":[{"href":"https:\/\/www.radiochiloe.cl\/index.php?rest_route=\/wp\/v2\/posts"}],"about":[{"href":"https:\/\/www.radiochiloe.cl\/index.php?rest_route=\/wp\/v2\/types\/post"}],"author":[{"embeddable":true,"href":"https:\/\/www.radiochiloe.cl\/index.php?rest_route=\/wp\/v2\/users\/2"}],"replies":[{"embeddable":true,"href":"https:\/\/www.radiochiloe.cl\/index.php?rest_route=%2Fwp%2Fv2%2Fcomments&post=2037"}],"version-history":[{"count":3,"href":"https:\/\/www.radiochiloe.cl\/index.php?rest_route=\/wp\/v2\/posts\/2037\/revisions"}],"predecessor-version":[{"id":2041,"href":"https:\/\/www.radiochiloe.cl\/index.php?rest_route=\/wp\/v2\/posts\/2037\/revisions\/2041"}],"wp:featuredmedia":[{"embeddable":true,"href":"https:\/\/www.radiochiloe.cl\/index.php?rest_route=\/wp\/v2\/media\/2038"}],"wp:attachment":[{"href":"https:\/\/www.radiochiloe.cl\/index.php?rest_route=%2Fwp%2Fv2%2Fmedia&parent=2037"}],"wp:term":[{"taxonomy":"category","embeddable":true,"href":"https:\/\/www.radiochiloe.cl\/index.php?rest_route=%2Fwp%2Fv2%2Fcategories&post=2037"},{"taxonomy":"post_tag","embeddable":true,"href":"https:\/\/www.radiochiloe.cl\/index.php?rest_route=%2Fwp%2Fv2%2Ftags&post=2037"}],"curies":[{"name":"wp","href":"https:\/\/api.w.org\/{rel}","templated":true}]}}