{"id":2042,"date":"2012-07-04T07:30:10","date_gmt":"2012-07-04T11:30:10","guid":{"rendered":"http:\/\/www.radiochiloe.cl\/?p=2042"},"modified":"2012-07-03T20:49:26","modified_gmt":"2012-07-04T00:49:26","slug":"cecosf-provisorio-abrio-sus-puertas-en-poblacion-padre-hurtado-de-ancud","status":"publish","type":"post","link":"https:\/\/www.radiochiloe.cl\/?p=2042","title":{"rendered":"Cecosf provisorio abri\u00f3 sus puertas en poblaci\u00f3n Padre Hurtado de Ancud"},"content":{"rendered":"<p style=\"text-align: justify;\">Alrededor de cuatro meses despu\u00e9s del violento incendio intencional que destruy\u00f3 completamente las dependencias del Centro Comunitario de Salud Familiar de Pudeto Bajo en Ancud, en la ma\u00f1ana de este martes se dio el vamos oficial a la soluci\u00f3n provisoria para enfrentar la problem\u00e1tica.<\/p>\n<p style=\"text-align: justify;\">Tres m\u00e9dicos, enfermera, matrona, sic\u00f3logo, nutricionista, adem\u00e1s de los servicios de farmacia, leche, interconsulta, toma de muestras y vacunatorio fueron puestos a disposici\u00f3n de la comunidad, en las dependencias implementadas en poblaci\u00f3n Padre Hurtado con la idea de retomar la normalidad las prestaciones que fueron absorbidas por el Cecosf de Bellavista y el Centro de Salud Familiar Manuel Ferreira.<\/p>\n<p style=\"text-align: justify;\">\u201cEs importante dar cumplimiento a las cosas que se planifican. Nos queda ahora la incorporaci\u00f3n de 11 nuevos contenedores, dentro de los pr\u00f3ximos 30 o 35 d\u00edas. Hasta el momento estoy conforme como marchan las cosas\u201d, dijo el alcalde Federico Kruger.<\/p>\n<p style=\"text-align: justify;\">El edil valor\u00f3 el trabajo realizado en conjunto con la comunidad y las diversas gestiones efectuadas para agilizar los procesos de aprobaci\u00f3n de los recursos e implementaci\u00f3n de los m\u00f3dulos, recordando que \u201clo que m\u00e1s nos importa es la salud de los ancuditanos\u201d.<br \/>\nPor su parte, Ximena Gonzal\u00ed, directora del siniestrado recinto explic\u00f3 los planes de atenci\u00f3n fijados.<\/p>\n<p style=\"text-align: justify;\">\u201cLa idea es atender a las m\u00e1s de 4 mil personas de Pudeto Bajo, por lo que vamos a sumar extensi\u00f3n horaria permanente y estamos evaluando la posibilidad de atender los s\u00e1bados tambi\u00e9n para reunir a toda la poblaci\u00f3n y darle la atenci\u00f3n que corresponda a nuestros 11 mil inscritos\u201d, resalt\u00f3 la profesional.<\/p>\n<p style=\"text-align: justify;\">Departamento de Prensa<\/p>\n","protected":false},"excerpt":{"rendered":"<p>Alrededor de cuatro meses despu\u00e9s del violento incendio intencional que destruy\u00f3 completamente las dependencias del Centro Comunitario de Salud Familiar de Pudeto Bajo en Ancud, en la ma\u00f1ana de este martes se dio el vamos oficial a la soluci\u00f3n provisoria para enfrentar la problem\u00e1tica. Tres m\u00e9dicos, enfermera, matrona, sic\u00f3logo, nutricionista, adem\u00e1s de los servicios de [&hellip;]<\/p>\n","protected":false},"author":2,"featured_media":2043,"comment_status":"open","ping_status":"open","sticky":false,"template":"","format":"standard","meta":[],"categories":[3],"tags":[5],"jetpack_featured_media_url":"https:\/\/www.radiochiloe.cl\/wp-content\/uploads\/2012\/07\/cecosfancud.jpg","_links":{"self":[{"href":"https:\/\/www.radiochiloe.cl\/index.php?rest_route=\/wp\/v2\/posts\/2042"}],"collection":[{"href":"https:\/\/www.radiochiloe.cl\/index.php?rest_route=\/wp\/v2\/posts"}],"about":[{"href":"https:\/\/www.radiochiloe.cl\/index.php?rest_route=\/wp\/v2\/types\/post"}],"author":[{"embeddable":true,"href":"https:\/\/www.radiochiloe.cl\/index.php?rest_route=\/wp\/v2\/users\/2"}],"replies":[{"embeddable":true,"href":"https:\/\/www.radiochiloe.cl\/index.php?rest_route=%2Fwp%2Fv2%2Fcomments&post=2042"}],"version-history":[{"count":2,"href":"https:\/\/www.radiochiloe.cl\/index.php?rest_route=\/wp\/v2\/posts\/2042\/revisions"}],"predecessor-version":[{"id":2045,"href":"https:\/\/www.radiochiloe.cl\/index.php?rest_route=\/wp\/v2\/posts\/2042\/revisions\/2045"}],"wp:featuredmedia":[{"embeddable":true,"href":"https:\/\/www.radiochiloe.cl\/index.php?rest_route=\/wp\/v2\/media\/2043"}],"wp:attachment":[{"href":"https:\/\/www.radiochiloe.cl\/index.php?rest_route=%2Fwp%2Fv2%2Fmedia&parent=2042"}],"wp:term":[{"taxonomy":"category","embeddable":true,"href":"https:\/\/www.radiochiloe.cl\/index.php?rest_route=%2Fwp%2Fv2%2Fcategories&post=2042"},{"taxonomy":"post_tag","embeddable":true,"href":"https:\/\/www.radiochiloe.cl\/index.php?rest_route=%2Fwp%2Fv2%2Ftags&post=2042"}],"curies":[{"name":"wp","href":"https:\/\/api.w.org\/{rel}","templated":true}]}}