{"id":2070,"date":"2012-07-04T15:57:13","date_gmt":"2012-07-04T19:57:13","guid":{"rendered":"http:\/\/www.radiochiloe.cl\/?p=2070"},"modified":"2012-07-04T15:57:13","modified_gmt":"2012-07-04T19:57:13","slug":"en-este-minuto-se-desarrolla-el-control-de-detencion-de-los-pescadores-detenidos-en-mocopulli","status":"publish","type":"post","link":"https:\/\/www.radiochiloe.cl\/?p=2070","title":{"rendered":"En este minuto se desarrolla el Control de Detenci\u00f3n de los pescadores detenidos en Mocopulli"},"content":{"rendered":"<p style=\"text-align: justify;\">A esta hora se desarrolla en Juzgado de Garant\u00eda de la ciudad de Castro el Control de Detenci\u00f3n de los 6 pescadores detenidos durante esta ma\u00f1ana por los enfrentamientos con Carabineros.<\/p>\n<p style=\"text-align: justify;\">Esta tarde el mismo prefecto de Carabineros, Mario Lopez, detall\u00f3 los pormenores de esta manifestaci\u00f3n que dej\u00f3 tambi\u00e9n a 4 funcionarios de la instituci\u00f3n uniformada con lesiones de diversa consideraci\u00f3n \u201cesta ma\u00f1ana tratamos de continuar con el dialogo con los pescadores incentiv\u00e1ndolos a dejar la toma de la carretera en forma pac\u00edfica, pero la verdad que encontramos solamente la negativa de abandonar el sector, por lo que actuamos conforme a la constituci\u00f3n vigente, deteniendo a seis pescadores dentro de ellos el dirigente Sergio Mayorga, pero adem\u00e1s 4 de mis funcionarios resultaron\u00a0tambi\u00e9n\u00a0afectados por la acci\u00f3n de los manifestantes, que presentaban evidencia de haber ingerido alcohol, pero eso es materia de \u00a0investigaci\u00f3n \u201d se\u00f1al\u00f3 el uniformado.<\/p>\n<p style=\"text-align: justify;\">De la misma manera el fiscal Enrique Canales explic\u00f3 los motivos de esta detenci\u00f3n y como se desarrollaron los hechos en el cruce Mocopulli \u201cefectivamente se detuvo a varios manifestantes, porque en un momento se les inst\u00f3 a dejar el libre transito por la ruta 5, pero ante la negativa de los participantes de esta toma en la carretera, Carabineros tuvo que actuar porque se esta en presencia de un delito flagrante; ahora solo queda esperar el control de detenci\u00f3n\u201d afirm\u00f3 el jurista.<\/p>\n<p style=\"text-align: justify;\">NOTICIA EN DESARROLLO<\/p>\n<p style=\"text-align: justify;\">Departamento de Prensa<\/p>\n","protected":false},"excerpt":{"rendered":"<p>A esta hora se desarrolla en Juzgado de Garant\u00eda de la ciudad de Castro el Control de Detenci\u00f3n de los 6 pescadores detenidos durante esta ma\u00f1ana por los enfrentamientos con Carabineros. Esta tarde el mismo prefecto de Carabineros, Mario Lopez, detall\u00f3 los pormenores de esta manifestaci\u00f3n que dej\u00f3 tambi\u00e9n a 4 funcionarios de la instituci\u00f3n [&hellip;]<\/p>\n","protected":false},"author":2,"featured_media":2071,"comment_status":"open","ping_status":"open","sticky":false,"template":"","format":"standard","meta":[],"categories":[3],"tags":[5],"jetpack_featured_media_url":"https:\/\/www.radiochiloe.cl\/wp-content\/uploads\/2012\/07\/detenidos.jpg","_links":{"self":[{"href":"https:\/\/www.radiochiloe.cl\/index.php?rest_route=\/wp\/v2\/posts\/2070"}],"collection":[{"href":"https:\/\/www.radiochiloe.cl\/index.php?rest_route=\/wp\/v2\/posts"}],"about":[{"href":"https:\/\/www.radiochiloe.cl\/index.php?rest_route=\/wp\/v2\/types\/post"}],"author":[{"embeddable":true,"href":"https:\/\/www.radiochiloe.cl\/index.php?rest_route=\/wp\/v2\/users\/2"}],"replies":[{"embeddable":true,"href":"https:\/\/www.radiochiloe.cl\/index.php?rest_route=%2Fwp%2Fv2%2Fcomments&post=2070"}],"version-history":[{"count":4,"href":"https:\/\/www.radiochiloe.cl\/index.php?rest_route=\/wp\/v2\/posts\/2070\/revisions"}],"predecessor-version":[{"id":2075,"href":"https:\/\/www.radiochiloe.cl\/index.php?rest_route=\/wp\/v2\/posts\/2070\/revisions\/2075"}],"wp:featuredmedia":[{"embeddable":true,"href":"https:\/\/www.radiochiloe.cl\/index.php?rest_route=\/wp\/v2\/media\/2071"}],"wp:attachment":[{"href":"https:\/\/www.radiochiloe.cl\/index.php?rest_route=%2Fwp%2Fv2%2Fmedia&parent=2070"}],"wp:term":[{"taxonomy":"category","embeddable":true,"href":"https:\/\/www.radiochiloe.cl\/index.php?rest_route=%2Fwp%2Fv2%2Fcategories&post=2070"},{"taxonomy":"post_tag","embeddable":true,"href":"https:\/\/www.radiochiloe.cl\/index.php?rest_route=%2Fwp%2Fv2%2Ftags&post=2070"}],"curies":[{"name":"wp","href":"https:\/\/api.w.org\/{rel}","templated":true}]}}