{"id":2076,"date":"2012-07-04T16:04:07","date_gmt":"2012-07-04T20:04:07","guid":{"rendered":"http:\/\/www.radiochiloe.cl\/?p=2076"},"modified":"2012-07-04T16:04:07","modified_gmt":"2012-07-04T20:04:07","slug":"presidente-de-la-comision-de-derechos-humanos-de-la-camara-pidio-prudencia-al-gobierno-por-violencia-de-carabineros-en-chiloe","status":"publish","type":"post","link":"https:\/\/www.radiochiloe.cl\/?p=2076","title":{"rendered":"Presidente de la Comisi\u00f3n de Derechos Humanos de la c\u00e1mara pidi\u00f3 \u201cprudencia\u201d al gobierno por violencia de Carabineros en Chilo\u00e9"},"content":{"rendered":"<p style=\"text-align: justify;\">El diputado PS, Fidel Espinoza, titular de esta instancia parlamentaria, se manifest\u00f3 \u201cmuy preocupado\u201d, por la agresividad con la que est\u00e1 actuando la fuerza policial en el sur del pa\u00eds, con el fin de frenar la movilizaci\u00f3n de los pescadores artesanales que por d\u00edas llevan manifest\u00e1ndose en contra de la \u201cLey Longueira\u201d.<\/p>\n<p style=\"text-align: justify;\">El Presidente de la Comisi\u00f3n de Derechos Humanos de la c\u00e1mara, diputado Fidel Espinoza hizo, hoy mi\u00e9rcoles, un llamado al gobierno para que act\u00fae con \u201cprudencia\u201d, en las manifestaciones protagonizadas por pescadores que en Chilo\u00e9 y otras regiones del pa\u00eds se est\u00e1n movilizando para rechazar el proyecto de ley de pesca del ejecutivo, conocido como \u201cLey Longueira\u201d, debido a que consideran que \u201cperjudica los intereses de miles de pescadores y perpetua el poder econ\u00f3mico en pocas manos\u201d.<\/p>\n<p style=\"text-align: justify;\">\u201cHago un llamado al gobierno, al Intendente de la Regi\u00f3n de Los Lagos y a sus gobernadores, a poner prudencia y que el accionar de Carabineros sea para la protecci\u00f3n de las personas de la zona, porque no han existido desmanes provocados por los pescadores, quienes lo \u00fanico que han hecho ha sido repudiar un proyecto de ley de pesca que consideran perjudicial\u201d, coment\u00f3 el diputado Espinoza.<\/p>\n<p style=\"text-align: justify;\">Asimismo, el legislador PS afirm\u00f3 que \u201cconsideramos inconcebible que hayan pescadores artesanales heridos y detenidos. Ese no es el pa\u00eds que queremos ver y queremos que el gobierno entienda que las movilizaciones sociales son porque los trabajadores est\u00e1n viendo afectado el desarrollo y futuro de una actividad tremendamente trascendental para el pa\u00eds\u201d.<\/p>\n<p style=\"text-align: justify;\">Por su parte, el diputado DC, Gabriel Ascencio solicit\u00f3, en la Comisi\u00f3n de Pesca de la c\u00e1mara, que se env\u00ede un oficio al Ministerio del Interior y a Carabineros, para que informen la actual situaci\u00f3n de los 6 dirigentes que se encentran detenidos en la provincia de Dalcahue de Chilo\u00e9.<\/p>\n<p style=\"text-align: justify;\">El legislador inform\u00f3 que un dirigente de la zona se encuentra grave, luego que un carro de Carabineros (Zorrillo), lo atropell\u00f3, raz\u00f3n por la que se present\u00f3 un recurso de amparo en la Corte de Apelaciones de Puerto Montt. Esta acci\u00f3n judicial que tambi\u00e9n busca que los dirigentes de los pescadores que est\u00e1n detenidos sean inmediatamente liberados, porque seg\u00fan explic\u00f3 Ascencio, \u201clo que estaban haciendo era una protesta pac\u00edfica en contra del proyecto de ley de Pesca, conocida como la \u201cLey Longueira\u201d.<\/p>\n<p style=\"text-align: justify;\">Departamento de Prensa<\/p>\n","protected":false},"excerpt":{"rendered":"<p>El diputado PS, Fidel Espinoza, titular de esta instancia parlamentaria, se manifest\u00f3 \u201cmuy preocupado\u201d, por la agresividad con la que est\u00e1 actuando la fuerza policial en el sur del pa\u00eds, con el fin de frenar la movilizaci\u00f3n de los pescadores artesanales que por d\u00edas llevan manifest\u00e1ndose en contra de la \u201cLey Longueira\u201d. El Presidente de [&hellip;]<\/p>\n","protected":false},"author":2,"featured_media":2077,"comment_status":"open","ping_status":"open","sticky":false,"template":"","format":"standard","meta":[],"categories":[3],"tags":[5],"jetpack_featured_media_url":"https:\/\/www.radiochiloe.cl\/wp-content\/uploads\/2012\/07\/carabineros.jpg","_links":{"self":[{"href":"https:\/\/www.radiochiloe.cl\/index.php?rest_route=\/wp\/v2\/posts\/2076"}],"collection":[{"href":"https:\/\/www.radiochiloe.cl\/index.php?rest_route=\/wp\/v2\/posts"}],"about":[{"href":"https:\/\/www.radiochiloe.cl\/index.php?rest_route=\/wp\/v2\/types\/post"}],"author":[{"embeddable":true,"href":"https:\/\/www.radiochiloe.cl\/index.php?rest_route=\/wp\/v2\/users\/2"}],"replies":[{"embeddable":true,"href":"https:\/\/www.radiochiloe.cl\/index.php?rest_route=%2Fwp%2Fv2%2Fcomments&post=2076"}],"version-history":[{"count":2,"href":"https:\/\/www.radiochiloe.cl\/index.php?rest_route=\/wp\/v2\/posts\/2076\/revisions"}],"predecessor-version":[{"id":2079,"href":"https:\/\/www.radiochiloe.cl\/index.php?rest_route=\/wp\/v2\/posts\/2076\/revisions\/2079"}],"wp:featuredmedia":[{"embeddable":true,"href":"https:\/\/www.radiochiloe.cl\/index.php?rest_route=\/wp\/v2\/media\/2077"}],"wp:attachment":[{"href":"https:\/\/www.radiochiloe.cl\/index.php?rest_route=%2Fwp%2Fv2%2Fmedia&parent=2076"}],"wp:term":[{"taxonomy":"category","embeddable":true,"href":"https:\/\/www.radiochiloe.cl\/index.php?rest_route=%2Fwp%2Fv2%2Fcategories&post=2076"},{"taxonomy":"post_tag","embeddable":true,"href":"https:\/\/www.radiochiloe.cl\/index.php?rest_route=%2Fwp%2Fv2%2Ftags&post=2076"}],"curies":[{"name":"wp","href":"https:\/\/api.w.org\/{rel}","templated":true}]}}