{"id":2080,"date":"2012-07-04T18:12:03","date_gmt":"2012-07-04T22:12:03","guid":{"rendered":"http:\/\/www.radiochiloe.cl\/?p=2080"},"modified":"2012-07-04T18:13:00","modified_gmt":"2012-07-04T22:13:00","slug":"se-libera-a-los-6-pescadores-artesanales-detenidos-esta-manana","status":"publish","type":"post","link":"https:\/\/www.radiochiloe.cl\/?p=2080","title":{"rendered":"Se libera a los 6 pescadores artesanales detenidos esta ma\u00f1ana"},"content":{"rendered":"<p style=\"text-align: justify;\">Durante la audiencia de Control de Detenci\u00f3n se entregaron algunas medidas cautelares en contra de los pescadores que fueron detenidos esta ma\u00f1ana. Entre ellas solo firma mensual, la que se tiene que materializar a partir de los primeros d\u00edas del mes de agosto.<\/p>\n<p style=\"text-align: justify;\">A la salida Sergio Mayorga se\u00f1al\u00f3 lo siguiente a Radio Chilo\u00e9 \u201cestoy emocionado porque muchos amigos y familiares nos est\u00e1n alentando a seguir con esta lucha que tiene \u00a0sus sustentos, pero parece que las autoridades no quieren escuchar\u201d.<\/p>\n<p style=\"text-align: justify;\">El dirigente agreg\u00f3 que la pr\u00f3xima semana se realizara una nueva movilizaci\u00f3n para seguir luchando en contra de la ley de pesca que discute en el parlamento \u201cel 10 de julio ser\u00e1 la movilizaci\u00f3n grande, por eso invitamos a todos a reunirse por esta causa justa\u201d enfatiz\u00f3 Mayorga.<\/p>\n<p style=\"text-align: justify;\">Cabe mencionar que los 6 pescadores se reunieron a la salida con sus familiares y se trasladaron de inmediato a sus respectivos domicilios para pasar este trago amargo y el sufrimiento de lo acontecido en Mocopulli esta ma\u00f1ana.<\/p>\n<p style=\"text-align: justify;\">Departamento de Prensa<\/p>\n","protected":false},"excerpt":{"rendered":"<p>Durante la audiencia de Control de Detenci\u00f3n se entregaron algunas medidas cautelares en contra de los pescadores que fueron detenidos esta ma\u00f1ana. Entre ellas solo firma mensual, la que se tiene que materializar a partir de los primeros d\u00edas del mes de agosto. A la salida Sergio Mayorga se\u00f1al\u00f3 lo siguiente a Radio Chilo\u00e9 \u201cestoy [&hellip;]<\/p>\n","protected":false},"author":2,"featured_media":2081,"comment_status":"open","ping_status":"open","sticky":false,"template":"","format":"standard","meta":[],"categories":[3],"tags":[5],"jetpack_featured_media_url":"https:\/\/www.radiochiloe.cl\/wp-content\/uploads\/2012\/07\/liberacion.jpg","_links":{"self":[{"href":"https:\/\/www.radiochiloe.cl\/index.php?rest_route=\/wp\/v2\/posts\/2080"}],"collection":[{"href":"https:\/\/www.radiochiloe.cl\/index.php?rest_route=\/wp\/v2\/posts"}],"about":[{"href":"https:\/\/www.radiochiloe.cl\/index.php?rest_route=\/wp\/v2\/types\/post"}],"author":[{"embeddable":true,"href":"https:\/\/www.radiochiloe.cl\/index.php?rest_route=\/wp\/v2\/users\/2"}],"replies":[{"embeddable":true,"href":"https:\/\/www.radiochiloe.cl\/index.php?rest_route=%2Fwp%2Fv2%2Fcomments&post=2080"}],"version-history":[{"count":7,"href":"https:\/\/www.radiochiloe.cl\/index.php?rest_route=\/wp\/v2\/posts\/2080\/revisions"}],"predecessor-version":[{"id":2088,"href":"https:\/\/www.radiochiloe.cl\/index.php?rest_route=\/wp\/v2\/posts\/2080\/revisions\/2088"}],"wp:featuredmedia":[{"embeddable":true,"href":"https:\/\/www.radiochiloe.cl\/index.php?rest_route=\/wp\/v2\/media\/2081"}],"wp:attachment":[{"href":"https:\/\/www.radiochiloe.cl\/index.php?rest_route=%2Fwp%2Fv2%2Fmedia&parent=2080"}],"wp:term":[{"taxonomy":"category","embeddable":true,"href":"https:\/\/www.radiochiloe.cl\/index.php?rest_route=%2Fwp%2Fv2%2Fcategories&post=2080"},{"taxonomy":"post_tag","embeddable":true,"href":"https:\/\/www.radiochiloe.cl\/index.php?rest_route=%2Fwp%2Fv2%2Ftags&post=2080"}],"curies":[{"name":"wp","href":"https:\/\/api.w.org\/{rel}","templated":true}]}}