{"id":2089,"date":"2012-07-05T07:00:33","date_gmt":"2012-07-05T11:00:33","guid":{"rendered":"http:\/\/www.radiochiloe.cl\/?p=2089"},"modified":"2012-07-04T18:53:49","modified_gmt":"2012-07-04T22:53:49","slug":"minvu-abre-postulacion-por-internet-para-subsidios-de-clase-media","status":"publish","type":"post","link":"https:\/\/www.radiochiloe.cl\/?p=2089","title":{"rendered":"Minvu abre postulaci\u00f3n por internet para subsidios de clase media"},"content":{"rendered":"<p style=\"text-align: justify;\">El intendente de la regi\u00f3n de Los Lagos, Juan Sebastian Montes junto al Seremi de Vivienda y Urbanismo, Fernando Gunckel y el director Serviu, Sergio Feres, lanzaron hoy la postulaci\u00f3n en l\u00ednea por internet a los subsidios de clase media, novedoso proceso que se puede realizar de manera simple, r\u00e1pida y en s\u00f3lo 6 pasos en la web www.minvu.cl.<\/p>\n<p style=\"text-align: justify;\">El intendente de Los Lagos, Juan Sebasti\u00e1n Montes, valor\u00f3 el anuncio realizado por el Ministerio de Vivienda, dado que con este sistema cumplimos con lo que nos pide el Presidente Pi\u00f1era, que es adaptar las nuevas tecnolog\u00edas al servicio de las personas, y en \u201ceste sentido, el Internet es una herramienta cada vez m\u00e1s usada por miles de chilenos, que podr\u00e1n acceder de manera m\u00e1s amigable y en menos tiempo al sitio del ministerio y as\u00ed poder postular a este beneficio habitacional\u201d, expres\u00f3 la m\u00e1xima autoridad regional.<br \/>\nLa postulaci\u00f3n por internet permitir\u00e1 a las familias realizar todos los pasos en apenas 15-20 minutos hasta obtener su certificado de postulaci\u00f3n, desde la comodidad de su casa, un cibercaf\u00e9, o cualquier lugar con conexi\u00f3n a la red.<\/p>\n<p style=\"text-align: justify;\">Frente a esta noticia, el Seremi de Vivienda y Urbanismo, Fernando Gunckel, indic\u00f3 que \u201csin duda este anuncio es un gran avance para nuestro Ministerio, ya que se trata de una herramienta que facilitar\u00e1 la postulaci\u00f3n de las familias que optan al subsidio de clase media en una primera etapa, ya que se espera hacer extensiva a todas las l\u00edneas del Ministerio\u201d.<\/p>\n<p style=\"text-align: justify;\">Agregando \u201cel subsidio de clase media desde el a\u00f1o 2011 a la fecha ha entregado una soluci\u00f3n habitacional a 3.000 familias de nuestra regi\u00f3n, esperamos seguir entregando soluciones concretas por lo que invito a las familias de la regi\u00f3n a seguir postulando en este segundo llamado que concluye el 20 de julio\u201d.<\/p>\n<p style=\"text-align: justify;\">Para este a\u00f1o el Minvu en la regi\u00f3n espera beneficiar a m\u00e1s familias de clase media, incrementando el n\u00famero de familias favorecidas durante el 2011.<\/p>\n<p style=\"text-align: justify;\">El director del Serviu, Sergio Feres, explic\u00f3 que \u201cestamos comenzando desde hoy con las postulaciones a los subsidios de clase media y emergente de manera \u00edntegra a trav\u00e9s de internet y esperamos en un futuro cercano facilitar tambi\u00e9n el tr\u00e1mite de postular a subsidios para familias vulnerables, de manera que cada vez menos gente tenga que hacer filas en oficinas o esperar mucho tiempo para que la atiendan. Para ello el Minvu ya implement\u00f3 el sistema de solicitud de hora de atenci\u00f3n por tel\u00e9fono e internet y hoy se suma este nuevo sistema de postulaci\u00f3n on line que sin duda les facilitar\u00e1 la vida a muchas familias que desean comprar su vivienda con subsidio\u201d.<\/p>\n<p style=\"text-align: justify;\">Requisitos para postular por internet<\/p>\n<p style=\"text-align: justify;\">\u2022 Tener clave \u00fanica otorgada por el Registro Civil. Es indispensable contar con la clave \u00fanica para poder postular a trav\u00e9s de internet, adem\u00e1s esta clave permite, acceder a los servicios y beneficios en l\u00ednea de diversas instituciones del Estado.<\/p>\n<p style=\"text-align: justify;\">\u2022 Postular en forma individual.<\/p>\n<p style=\"text-align: justify;\">\u2022 Tener los ahorros en instituciones financieras como el Banco Estado, Banco Scotiabank\/Desarrollo, Coopeuch, que cuentan con un convenio con el Minvu.<\/p>\n<p style=\"text-align: justify;\">\u2022 Contar con un certificado de preaprobaci\u00f3n de cr\u00e9dito otorgado por las entidades crediticias anteriormente mencionadas.<\/p>\n<p style=\"text-align: justify;\">Finalmente, para aquellas familias que se encuentran buscando una vivienda nueva o usada, pueden acceder al portal inmobiliario que se encuentra en el sitio web del Minvu, donde podr\u00e1n conocer ofertas inmobiliarias correspondientes a la regi\u00f3n de Los Lagos.<\/p>\n<p style=\"text-align: justify;\">Departamento de Prensa<\/p>\n","protected":false},"excerpt":{"rendered":"<p>El intendente de la regi\u00f3n de Los Lagos, Juan Sebastian Montes junto al Seremi de Vivienda y Urbanismo, Fernando Gunckel y el director Serviu, Sergio Feres, lanzaron hoy la postulaci\u00f3n en l\u00ednea por internet a los subsidios de clase media, novedoso proceso que se puede realizar de manera simple, r\u00e1pida y en s\u00f3lo 6 pasos [&hellip;]<\/p>\n","protected":false},"author":2,"featured_media":2090,"comment_status":"open","ping_status":"open","sticky":false,"template":"","format":"standard","meta":[],"categories":[3],"tags":[5],"jetpack_featured_media_url":"https:\/\/www.radiochiloe.cl\/wp-content\/uploads\/2012\/07\/casas.jpg","_links":{"self":[{"href":"https:\/\/www.radiochiloe.cl\/index.php?rest_route=\/wp\/v2\/posts\/2089"}],"collection":[{"href":"https:\/\/www.radiochiloe.cl\/index.php?rest_route=\/wp\/v2\/posts"}],"about":[{"href":"https:\/\/www.radiochiloe.cl\/index.php?rest_route=\/wp\/v2\/types\/post"}],"author":[{"embeddable":true,"href":"https:\/\/www.radiochiloe.cl\/index.php?rest_route=\/wp\/v2\/users\/2"}],"replies":[{"embeddable":true,"href":"https:\/\/www.radiochiloe.cl\/index.php?rest_route=%2Fwp%2Fv2%2Fcomments&post=2089"}],"version-history":[{"count":2,"href":"https:\/\/www.radiochiloe.cl\/index.php?rest_route=\/wp\/v2\/posts\/2089\/revisions"}],"predecessor-version":[{"id":2092,"href":"https:\/\/www.radiochiloe.cl\/index.php?rest_route=\/wp\/v2\/posts\/2089\/revisions\/2092"}],"wp:featuredmedia":[{"embeddable":true,"href":"https:\/\/www.radiochiloe.cl\/index.php?rest_route=\/wp\/v2\/media\/2090"}],"wp:attachment":[{"href":"https:\/\/www.radiochiloe.cl\/index.php?rest_route=%2Fwp%2Fv2%2Fmedia&parent=2089"}],"wp:term":[{"taxonomy":"category","embeddable":true,"href":"https:\/\/www.radiochiloe.cl\/index.php?rest_route=%2Fwp%2Fv2%2Fcategories&post=2089"},{"taxonomy":"post_tag","embeddable":true,"href":"https:\/\/www.radiochiloe.cl\/index.php?rest_route=%2Fwp%2Fv2%2Ftags&post=2089"}],"curies":[{"name":"wp","href":"https:\/\/api.w.org\/{rel}","templated":true}]}}