{"id":2093,"date":"2012-07-04T18:58:17","date_gmt":"2012-07-04T22:58:17","guid":{"rendered":"http:\/\/www.radiochiloe.cl\/?p=2093"},"modified":"2012-07-04T18:58:17","modified_gmt":"2012-07-04T22:58:17","slug":"vialidad-retirara-mecano-en-puente-san-antonio","status":"publish","type":"post","link":"https:\/\/www.radiochiloe.cl\/?p=2093","title":{"rendered":"Vialidad retirar\u00e1 mecano en puente San Antonio"},"content":{"rendered":"<p style=\"text-align: justify;\">A partir de las 24:00 horas de este viernes 6 de julio, la Direcci\u00f3n de Vialidad comenzar\u00e1 el retiro del puente mecano instalado como medida de emergencia sobre el puente San Antonio, en la comuna de Ancud.<\/p>\n<p style=\"text-align: justify;\">La instalaci\u00f3n de este puente mecano naci\u00f3 debido a que el antiguo puente San Antonio present\u00f3 problemas de volcamiento de la cepa central lo que a hac\u00eda peligroso el tr\u00e1nsito por este viaducto.<\/p>\n<p style=\"text-align: justify;\">\u201cEste puente se ubica en la Ruta 5, altamente transitable por camiones todos los d\u00edas y se hac\u00eda necesario armar inmediatamente un puente mecano por esta misma v\u00eda; ya que si bien exist\u00edan rutas alternativas, para los camiones sobre todo, \u00e9stas eran en ripio y les resultaba complicado transitar por ah\u00ed\u201d, explic\u00f3 el Seremi de Obras P\u00fablicas de la Regi\u00f3n, Enrique Hoelck.<\/p>\n<p style=\"text-align: justify;\">De esa fecha, han pasado 6 meses de arduo trabajo para reparar la cepa da\u00f1ada del puente existente, y as\u00ed otorgar transitabilidad por el antiguo viaducto, mientras se construye paralelamente el nuevo puente San Antonio que presenta un 56% de avance de obra.<\/p>\n<p style=\"text-align: justify;\">De esta forma, a contar de las 24:00 horas de este viernes 6 de julio y hasta las 07:00 horas del domingo 8 de julio, se proceder\u00e1 a retirar el puente mecano y a cortar el tr\u00e1nsito por la Ruta 5, debido a los trabajos en esta v\u00eda.<\/p>\n<p style=\"text-align: justify;\">Se consideran dos v\u00edas alternativas: Puchilc\u00e1n-Chepu y San Juan-Linao-Quemchi-Dega\u00f1.<\/p>\n<p style=\"text-align: justify;\">Departamento de Prensa<\/p>\n","protected":false},"excerpt":{"rendered":"<p>A partir de las 24:00 horas de este viernes 6 de julio, la Direcci\u00f3n de Vialidad comenzar\u00e1 el retiro del puente mecano instalado como medida de emergencia sobre el puente San Antonio, en la comuna de Ancud. La instalaci\u00f3n de este puente mecano naci\u00f3 debido a que el antiguo puente San Antonio present\u00f3 problemas de [&hellip;]<\/p>\n","protected":false},"author":2,"featured_media":2094,"comment_status":"open","ping_status":"open","sticky":false,"template":"","format":"standard","meta":[],"categories":[3],"tags":[5],"jetpack_featured_media_url":"https:\/\/www.radiochiloe.cl\/wp-content\/uploads\/2012\/07\/mecano.jpg","_links":{"self":[{"href":"https:\/\/www.radiochiloe.cl\/index.php?rest_route=\/wp\/v2\/posts\/2093"}],"collection":[{"href":"https:\/\/www.radiochiloe.cl\/index.php?rest_route=\/wp\/v2\/posts"}],"about":[{"href":"https:\/\/www.radiochiloe.cl\/index.php?rest_route=\/wp\/v2\/types\/post"}],"author":[{"embeddable":true,"href":"https:\/\/www.radiochiloe.cl\/index.php?rest_route=\/wp\/v2\/users\/2"}],"replies":[{"embeddable":true,"href":"https:\/\/www.radiochiloe.cl\/index.php?rest_route=%2Fwp%2Fv2%2Fcomments&post=2093"}],"version-history":[{"count":2,"href":"https:\/\/www.radiochiloe.cl\/index.php?rest_route=\/wp\/v2\/posts\/2093\/revisions"}],"predecessor-version":[{"id":2096,"href":"https:\/\/www.radiochiloe.cl\/index.php?rest_route=\/wp\/v2\/posts\/2093\/revisions\/2096"}],"wp:featuredmedia":[{"embeddable":true,"href":"https:\/\/www.radiochiloe.cl\/index.php?rest_route=\/wp\/v2\/media\/2094"}],"wp:attachment":[{"href":"https:\/\/www.radiochiloe.cl\/index.php?rest_route=%2Fwp%2Fv2%2Fmedia&parent=2093"}],"wp:term":[{"taxonomy":"category","embeddable":true,"href":"https:\/\/www.radiochiloe.cl\/index.php?rest_route=%2Fwp%2Fv2%2Fcategories&post=2093"},{"taxonomy":"post_tag","embeddable":true,"href":"https:\/\/www.radiochiloe.cl\/index.php?rest_route=%2Fwp%2Fv2%2Ftags&post=2093"}],"curies":[{"name":"wp","href":"https:\/\/api.w.org\/{rel}","templated":true}]}}