{"id":2101,"date":"2012-07-05T08:00:46","date_gmt":"2012-07-05T12:00:46","guid":{"rendered":"http:\/\/www.radiochiloe.cl\/?p=2101"},"modified":"2012-07-04T19:54:25","modified_gmt":"2012-07-04T23:54:25","slug":"concejal-alvarez-lanza-propuesta-de-participacion-ciudadana-para-elegir-nueva-fachada-del-mall-de-castro","status":"publish","type":"post","link":"https:\/\/www.radiochiloe.cl\/?p=2101","title":{"rendered":"Concejal \u00c1lvarez lanza propuesta de participaci\u00f3n ciudadana para elegir nueva fachada del mall de Castro"},"content":{"rendered":"<p style=\"text-align: justify;\">Una nueva propuesta para seguir avanzando en el tema del mall, sugiri\u00f3 el concejal de Castro Julio \u00c1lvarez, tras conocerse durante esta semana la aprobaci\u00f3n del estudio de impacto vial por parte de la Serem\u00eda de Transportes y Telecomunicaciones.<\/p>\n<p style=\"text-align: justify;\">Seg\u00fan lo manifestado por edil castre\u00f1o, hace un tiempo atr\u00e1s se conform\u00f3 una comisi\u00f3n para ver el tema de la fachada, pero hasta el momento no se tiene informaci\u00f3n con respecto al tema \u201cesto se ha ido quedando enredado, todav\u00eda nosotros no tenemos una soluci\u00f3n en ese aspecto, porque solo estamos enterados que la empresa propuso tres alternativas de fachadas a esta comisi\u00f3n, la que aparentemente no ha resuelto nada a\u00fan\u201d se\u00f1al\u00f3.<\/p>\n<p style=\"text-align: justify;\">El concejal Julio \u00c1lvarez, agreg\u00f3 que su planteamiento es que el tema de fachada no sea decidido por el concejo municipal o entre cuatro paredes, si no que sea la comunidad que determine cual ser\u00eda el dise\u00f1o que desean para el mall que se construye en Castro.<\/p>\n<p style=\"text-align: justify;\">\u201cEsta es una obra privada pero entregada a la comunidad. Creo que esta ser\u00eda una gran oportunidad para hacer verdad los que nosotros en el concejo municipal siempre hemos planteado, que se exista m\u00e1s participaci\u00f3n ciudadana. Lo que pasa que esto depende exclusivamente de los propietarios del mall que ya entreg\u00f3 estas propuestas a la comisi\u00f3n y que sea esta entidad la que resuelva la futura fachada, pero esto va m\u00e1s all\u00e1, incluso la comisi\u00f3n se ha demorado mucho con este tema, entonces la alternativa es el voto ciudadano\u201d expres\u00f3 el concejal.<\/p>\n<p style=\"text-align: justify;\">Finalmente Julio \u00c1lvarez, indic\u00f3 que la participaci\u00f3n ciudadana es fundamental para definir un tema de esta naturaleza y por lo mismo ser\u00eda interesante que nuevamente la comunidad pueda participar activamente en esta decisi\u00f3n para determinar la fachada del mall.<\/p>\n<p style=\"text-align: justify;\">Departamento de Prensa<\/p>\n","protected":false},"excerpt":{"rendered":"<p>Una nueva propuesta para seguir avanzando en el tema del mall, sugiri\u00f3 el concejal de Castro Julio \u00c1lvarez, tras conocerse durante esta semana la aprobaci\u00f3n del estudio de impacto vial por parte de la Serem\u00eda de Transportes y Telecomunicaciones. Seg\u00fan lo manifestado por edil castre\u00f1o, hace un tiempo atr\u00e1s se conform\u00f3 una comisi\u00f3n para ver [&hellip;]<\/p>\n","protected":false},"author":2,"featured_media":2102,"comment_status":"open","ping_status":"open","sticky":false,"template":"","format":"standard","meta":[],"categories":[3],"tags":[5],"jetpack_featured_media_url":"https:\/\/www.radiochiloe.cl\/wp-content\/uploads\/2012\/07\/fachada.jpg","_links":{"self":[{"href":"https:\/\/www.radiochiloe.cl\/index.php?rest_route=\/wp\/v2\/posts\/2101"}],"collection":[{"href":"https:\/\/www.radiochiloe.cl\/index.php?rest_route=\/wp\/v2\/posts"}],"about":[{"href":"https:\/\/www.radiochiloe.cl\/index.php?rest_route=\/wp\/v2\/types\/post"}],"author":[{"embeddable":true,"href":"https:\/\/www.radiochiloe.cl\/index.php?rest_route=\/wp\/v2\/users\/2"}],"replies":[{"embeddable":true,"href":"https:\/\/www.radiochiloe.cl\/index.php?rest_route=%2Fwp%2Fv2%2Fcomments&post=2101"}],"version-history":[{"count":3,"href":"https:\/\/www.radiochiloe.cl\/index.php?rest_route=\/wp\/v2\/posts\/2101\/revisions"}],"predecessor-version":[{"id":2105,"href":"https:\/\/www.radiochiloe.cl\/index.php?rest_route=\/wp\/v2\/posts\/2101\/revisions\/2105"}],"wp:featuredmedia":[{"embeddable":true,"href":"https:\/\/www.radiochiloe.cl\/index.php?rest_route=\/wp\/v2\/media\/2102"}],"wp:attachment":[{"href":"https:\/\/www.radiochiloe.cl\/index.php?rest_route=%2Fwp%2Fv2%2Fmedia&parent=2101"}],"wp:term":[{"taxonomy":"category","embeddable":true,"href":"https:\/\/www.radiochiloe.cl\/index.php?rest_route=%2Fwp%2Fv2%2Fcategories&post=2101"},{"taxonomy":"post_tag","embeddable":true,"href":"https:\/\/www.radiochiloe.cl\/index.php?rest_route=%2Fwp%2Fv2%2Ftags&post=2101"}],"curies":[{"name":"wp","href":"https:\/\/api.w.org\/{rel}","templated":true}]}}