{"id":2106,"date":"2012-07-05T13:54:31","date_gmt":"2012-07-05T17:54:31","guid":{"rendered":"http:\/\/www.radiochiloe.cl\/?p=2106"},"modified":"2012-07-05T13:54:31","modified_gmt":"2012-07-05T17:54:31","slug":"embarcacion-sufrio-un-incendio-en-las-costas-de-quellon","status":"publish","type":"post","link":"https:\/\/www.radiochiloe.cl\/?p=2106","title":{"rendered":"Embarcaci\u00f3n sufri\u00f3 un incendio en las costas de Quell\u00f3n"},"content":{"rendered":"<p style=\"text-align: justify;\">Cerca de las 18:35 horas de este mi\u00e9rcoles, se recepcion\u00f3 llamado radial, desde la Lancha a Motor \u201cJorge F\u201d, informando que la Lancha a Motor \u201cDon Tito, hab\u00eda sufrido un incendio en la Sala de M\u00e1quinas, mientras navegaban en cercan\u00edas del Canal San Pedro, con dos tripulantes y tres pasajeros a bordo.<\/p>\n<p style=\"text-align: justify;\">Minutos m\u00e1s tarde, la emergencia pudo ser controlada por la tripulaci\u00f3n de la nave y el apoyo de otras embarcaciones que se encontraban en cercan\u00edas del lugar, siendo la nave siniestrada remolcada hasta el Puerto de Quell\u00f3n.<\/p>\n<p style=\"text-align: justify;\">Producto de la emergencia un tripulante y un pasajero de la nave resultaron lesionados, con quemaduras en cara, manos y piernas, siendo trasladados hasta el Puerto de Quell\u00f3n a bordo de la Lancha a Motor Skillman II, desembarcando en el Muelle fiscal de esta comuna con apoyo del personal de la Capitan\u00eda de Puerto de Quell\u00f3n y trasladados en ambulancia hasta el Hospital local.<\/p>\n<p style=\"text-align: justify;\">Las causas que originaron el accidente son materia de Investigaci\u00f3n para lo cual se dispuso el Peritaje de la nave, por parte de Personal de la Capitan\u00eda de Puerto de Quell\u00f3n y se solicit\u00f3 apoyo al Personal de Bomberos de esta comuna.<\/p>\n<p style=\"text-align: justify;\">Departamento de Prensa<\/p>\n","protected":false},"excerpt":{"rendered":"<p>Cerca de las 18:35 horas de este mi\u00e9rcoles, se recepcion\u00f3 llamado radial, desde la Lancha a Motor \u201cJorge F\u201d, informando que la Lancha a Motor \u201cDon Tito, hab\u00eda sufrido un incendio en la Sala de M\u00e1quinas, mientras navegaban en cercan\u00edas del Canal San Pedro, con dos tripulantes y tres pasajeros a bordo. Minutos m\u00e1s tarde, [&hellip;]<\/p>\n","protected":false},"author":2,"featured_media":2107,"comment_status":"open","ping_status":"open","sticky":false,"template":"","format":"standard","meta":[],"categories":[3],"tags":[5],"jetpack_featured_media_url":"https:\/\/www.radiochiloe.cl\/wp-content\/uploads\/2012\/07\/lancha.jpg","_links":{"self":[{"href":"https:\/\/www.radiochiloe.cl\/index.php?rest_route=\/wp\/v2\/posts\/2106"}],"collection":[{"href":"https:\/\/www.radiochiloe.cl\/index.php?rest_route=\/wp\/v2\/posts"}],"about":[{"href":"https:\/\/www.radiochiloe.cl\/index.php?rest_route=\/wp\/v2\/types\/post"}],"author":[{"embeddable":true,"href":"https:\/\/www.radiochiloe.cl\/index.php?rest_route=\/wp\/v2\/users\/2"}],"replies":[{"embeddable":true,"href":"https:\/\/www.radiochiloe.cl\/index.php?rest_route=%2Fwp%2Fv2%2Fcomments&post=2106"}],"version-history":[{"count":2,"href":"https:\/\/www.radiochiloe.cl\/index.php?rest_route=\/wp\/v2\/posts\/2106\/revisions"}],"predecessor-version":[{"id":2109,"href":"https:\/\/www.radiochiloe.cl\/index.php?rest_route=\/wp\/v2\/posts\/2106\/revisions\/2109"}],"wp:featuredmedia":[{"embeddable":true,"href":"https:\/\/www.radiochiloe.cl\/index.php?rest_route=\/wp\/v2\/media\/2107"}],"wp:attachment":[{"href":"https:\/\/www.radiochiloe.cl\/index.php?rest_route=%2Fwp%2Fv2%2Fmedia&parent=2106"}],"wp:term":[{"taxonomy":"category","embeddable":true,"href":"https:\/\/www.radiochiloe.cl\/index.php?rest_route=%2Fwp%2Fv2%2Fcategories&post=2106"},{"taxonomy":"post_tag","embeddable":true,"href":"https:\/\/www.radiochiloe.cl\/index.php?rest_route=%2Fwp%2Fv2%2Ftags&post=2106"}],"curies":[{"name":"wp","href":"https:\/\/api.w.org\/{rel}","templated":true}]}}