{"id":2110,"date":"2012-07-05T14:01:20","date_gmt":"2012-07-05T18:01:20","guid":{"rendered":"http:\/\/www.radiochiloe.cl\/?p=2110"},"modified":"2012-07-05T14:01:20","modified_gmt":"2012-07-05T18:01:20","slug":"sag-y-conaf-se-unen-para-cuidar-la-sanidad-de-bosques-y-plantaciones-de-la-region","status":"publish","type":"post","link":"https:\/\/www.radiochiloe.cl\/?p=2110","title":{"rendered":"SAG y CONAF se unen para cuidar la sanidad de bosques y plantaciones  de la regi\u00f3n"},"content":{"rendered":"<p style=\"text-align: justify;\">El Servicio Agr\u00edcola y Ganadero, SAG, y la Corporaci\u00f3n Nacional Forestal, CONAF, firmaron un convenio de colaboraci\u00f3n en materia de vigilancia y sanidad del recurso forestal de la regi\u00f3n, actividad que cont\u00f3 con la presencia del Seremi de Agricultura, Rodrigo Mardones, en calidad de ministro de fe.<\/p>\n<p style=\"text-align: justify;\">Tras la firma de este convenio, ambas entidades del agro, sellan una alianza estrat\u00e9gica de cooperaci\u00f3n y de optimizaci\u00f3n de recursos, aprovechando la informaci\u00f3n que ambas poseen y que generan producto de su gesti\u00f3n.<\/p>\n<p style=\"text-align: justify;\">\u201cPara el Servicio Agr\u00edcola y Ganadero trabajar en conjunto con CONAF es muy relevante porque nos va a permitir ampliar el espectro de la vigilancia para detectar en forma oportuna el ingreso de plagas forestales a la regi\u00f3n y al pa\u00eds, y aplicar a tiempo medidas de control y mitigaci\u00f3n de las enfermedades que afectan las plantaciones, el arbolado urbano, y el bosque nativo de Chile\u201d, dijo Alfredo Fr\u00f6hlich, Director Regional del SAG.<\/p>\n<p style=\"text-align: justify;\">\u201cEl gran objetivo de esta alianza es cuidar la condici\u00f3n sanitaria del recurso forestal que posee la regi\u00f3n, conocer con exactitud los territorios donde hay plagas, cu\u00e1les son y en que estado de avance o control se encuentran; as\u00ed tambi\u00e9n, conocer qu\u00e9 enfermedades tienen mayor riesgo de ingresar\u201d precis\u00f3 Fr\u00f6hlich.<\/p>\n<p style=\"text-align: justify;\">La autoridad regional del SAG sostuvo que particularmente \u201cel Servicio centra sus esfuerzos cada a\u00f1o en evitar que ingresen al pa\u00eds plagas y enfermedades que podr\u00edan poner en riesgo la sanidad del recurso forestal y el intercambio comercial de maderas y subproductos derivados de esta actividad\u201d.<\/p>\n<p style=\"text-align: justify;\">Cabe se\u00f1alar que en la \u00faltima d\u00e9cada el Ministerio de Agricultura, a trav\u00e9s del SAG, ha detectado en la regi\u00f3n el ingreso de plagas cuarentenarias de importancia econ\u00f3mica como fue el caso de la avispa taladradora de la madera (Sirex noctilio), el a\u00f1o 2001; y tambi\u00e9n la detecci\u00f3n, el a\u00f1o 2011, en embalajes de madera del escarabajo Monochamus alternatus, que es una plaga cuarentenaria ausente en Chile, pero que ejerce constate presi\u00f3n de ingreso a trav\u00e9s de las importaciones.<\/p>\n<p style=\"text-align: justify;\">Por su parte, el Secretario Regional Ministerial de Agricultura, Rodrigo Mardones, sostuvo que \u00absiempre entre los servicios del agro y de Gobierno hay colaboraci\u00f3n y ayuda t\u00e9cnica. Y con la firma de este convenio, se da m\u00e1s fortaleza al trabajo que realizan tanto el SAG como la CONAF. En materia de plagas, el SAG es el experto y en materia forestal y parques la CONAF es la instituci\u00f3n que tiene las competencias para efectuar este trabajo. Mediante este convenio habr\u00e1 un trabajo m\u00e1s coordinado entre ambos servicios\u00bb.<\/p>\n<p style=\"text-align: justify;\">En tanto, Juan Gam\u00edn, Director Regional (S) de CONAF explic\u00f3 que \u201cen el \u00e1rea forestal siempre hay riesgos de presencia de plagas, tanto ex\u00f3ticas como nativas. La idea, ahora, es monitorear en forma permanente junto al SAG para determinar los cursos de acci\u00f3n a seguir como Ministerio de Agricultura\u201d.<\/p>\n<p style=\"text-align: justify;\">Departamento de Prensa<\/p>\n","protected":false},"excerpt":{"rendered":"<p>El Servicio Agr\u00edcola y Ganadero, SAG, y la Corporaci\u00f3n Nacional Forestal, CONAF, firmaron un convenio de colaboraci\u00f3n en materia de vigilancia y sanidad del recurso forestal de la regi\u00f3n, actividad que cont\u00f3 con la presencia del Seremi de Agricultura, Rodrigo Mardones, en calidad de ministro de fe. Tras la firma de este convenio, ambas entidades [&hellip;]<\/p>\n","protected":false},"author":2,"featured_media":2111,"comment_status":"open","ping_status":"open","sticky":false,"template":"","format":"standard","meta":[],"categories":[3],"tags":[5],"jetpack_featured_media_url":"https:\/\/www.radiochiloe.cl\/wp-content\/uploads\/2012\/07\/firma.jpg","_links":{"self":[{"href":"https:\/\/www.radiochiloe.cl\/index.php?rest_route=\/wp\/v2\/posts\/2110"}],"collection":[{"href":"https:\/\/www.radiochiloe.cl\/index.php?rest_route=\/wp\/v2\/posts"}],"about":[{"href":"https:\/\/www.radiochiloe.cl\/index.php?rest_route=\/wp\/v2\/types\/post"}],"author":[{"embeddable":true,"href":"https:\/\/www.radiochiloe.cl\/index.php?rest_route=\/wp\/v2\/users\/2"}],"replies":[{"embeddable":true,"href":"https:\/\/www.radiochiloe.cl\/index.php?rest_route=%2Fwp%2Fv2%2Fcomments&post=2110"}],"version-history":[{"count":2,"href":"https:\/\/www.radiochiloe.cl\/index.php?rest_route=\/wp\/v2\/posts\/2110\/revisions"}],"predecessor-version":[{"id":2113,"href":"https:\/\/www.radiochiloe.cl\/index.php?rest_route=\/wp\/v2\/posts\/2110\/revisions\/2113"}],"wp:featuredmedia":[{"embeddable":true,"href":"https:\/\/www.radiochiloe.cl\/index.php?rest_route=\/wp\/v2\/media\/2111"}],"wp:attachment":[{"href":"https:\/\/www.radiochiloe.cl\/index.php?rest_route=%2Fwp%2Fv2%2Fmedia&parent=2110"}],"wp:term":[{"taxonomy":"category","embeddable":true,"href":"https:\/\/www.radiochiloe.cl\/index.php?rest_route=%2Fwp%2Fv2%2Fcategories&post=2110"},{"taxonomy":"post_tag","embeddable":true,"href":"https:\/\/www.radiochiloe.cl\/index.php?rest_route=%2Fwp%2Fv2%2Ftags&post=2110"}],"curies":[{"name":"wp","href":"https:\/\/api.w.org\/{rel}","templated":true}]}}