{"id":2114,"date":"2012-07-05T14:12:14","date_gmt":"2012-07-05T18:12:14","guid":{"rendered":"http:\/\/www.radiochiloe.cl\/?p=2114"},"modified":"2012-07-05T14:12:14","modified_gmt":"2012-07-05T18:12:14","slug":"gobernacion-provincial-y-carabineros-coordinan-acciones-frente-a-las-intensas-heladas-registradas-en-el-archipielago","status":"publish","type":"post","link":"https:\/\/www.radiochiloe.cl\/?p=2114","title":{"rendered":"Gobernaci\u00f3n Provincial y Carabineros coordinan acciones frente a las intensas heladas registradas en el archipi\u00e9lago"},"content":{"rendered":"<p style=\"text-align: justify;\">Un total de cuatro accidentes de tr\u00e1nsito se ha registrado hasta este momento, seg\u00fan Carabineros.<\/p>\n<p style=\"text-align: justify;\">Algunos sectores intransitables por la escarcha y cuatro accidentes de tr\u00e1nsito de menor consideraci\u00f3n, es el balance de esta ma\u00f1ana en la Provincia de Chilo\u00e9, luego que nuestra zona se encuentra afectada por una inestabilidad clim\u00e1tica, que ha producido fen\u00f3menos de escarcha, principalmente en la Ruta 5.<\/p>\n<p style=\"text-align: justify;\">El Mayor de Carabineros, Juan Mu\u00f1oz, se\u00f1al\u00f3 que luego que el Centro Meteorol\u00f3gico Zona Sur, anunciara Alerta Temprana Preventiva Regional, se\u00f1al\u00f3 los cursos de acci\u00f3n acordes a la alerta vigente, en resguardo de la poblaci\u00f3n \u201cdesde muy temprano hoy comenz\u00f3 un intenso trabajo con los Carabineros en las rutas, especialmente para que no se acceda a sectores con mayor conflicto de escarcha. Hubo casos cr\u00edticos como por ejemplo la calle Ubaldo Mancilla de la comuna de Castro, que se encuentra intransitable, as\u00ed como tambi\u00e9n un sector de Ten-Ten. En tanto la ruta Chonchi, Quell\u00f3n fue cortada totalmente desde las 21: 30 horas de anoche, y toda la ma\u00f1ana de este d\u00eda no ser\u00e1n transitables los buses de recorrido en la Provincia de Chilo\u00e9\u201d.<\/p>\n<p style=\"text-align: justify;\">En tanto el Jefe de Gabinete de la Gobernaci\u00f3n Provincial de Chilo\u00e9, Fernando B\u00f3rquez, manifest\u00f3 que desde las seis de la ma\u00f1ana la Gobernaci\u00f3n Chilo\u00e9 se ha hecho parte de estas coordinaciones con Carabineros y Comit\u00e9 Provincial de Emergencias \u201cadem\u00e1s de las coordinaciones con Carabineros, la Gobernaci\u00f3n Provincial de Chilo\u00e9, junto a Vialidad han decidido que en los sectores o \u00e1reas de conflicto y tambi\u00e9n al interior de las comunas de la Provincia con salida a la ruta cinco se tirar\u00e1 sal, para hacer rutas m\u00e1s exequibles\u201d, explic\u00f3.<\/p>\n<p style=\"text-align: justify;\">Adem\u00e1s dijo que junto con el SEREMI de Educaci\u00f3n, se est\u00e1 regulando la situaci\u00f3n de las clases en la Provincia subrayando que \u201cla decisi\u00f3n la debe tener cada sostenedor si habr\u00e1 suspensi\u00f3n de clases hoy y ma\u00f1ana, pensando que el sistema frontal de fr\u00edo intenso continuar\u00e1, aunque en menor escala, por eso llamamos a la prevenci\u00f3n de nuestra comunidad\u201d.<\/p>\n<p style=\"text-align: justify;\">Departamento de Prensa<\/p>\n","protected":false},"excerpt":{"rendered":"<p>Un total de cuatro accidentes de tr\u00e1nsito se ha registrado hasta este momento, seg\u00fan Carabineros. Algunos sectores intransitables por la escarcha y cuatro accidentes de tr\u00e1nsito de menor consideraci\u00f3n, es el balance de esta ma\u00f1ana en la Provincia de Chilo\u00e9, luego que nuestra zona se encuentra afectada por una inestabilidad clim\u00e1tica, que ha producido fen\u00f3menos [&hellip;]<\/p>\n","protected":false},"author":2,"featured_media":2115,"comment_status":"open","ping_status":"open","sticky":false,"template":"","format":"standard","meta":[],"categories":[3],"tags":[5],"jetpack_featured_media_url":"https:\/\/www.radiochiloe.cl\/wp-content\/uploads\/2012\/07\/nieve.jpg","_links":{"self":[{"href":"https:\/\/www.radiochiloe.cl\/index.php?rest_route=\/wp\/v2\/posts\/2114"}],"collection":[{"href":"https:\/\/www.radiochiloe.cl\/index.php?rest_route=\/wp\/v2\/posts"}],"about":[{"href":"https:\/\/www.radiochiloe.cl\/index.php?rest_route=\/wp\/v2\/types\/post"}],"author":[{"embeddable":true,"href":"https:\/\/www.radiochiloe.cl\/index.php?rest_route=\/wp\/v2\/users\/2"}],"replies":[{"embeddable":true,"href":"https:\/\/www.radiochiloe.cl\/index.php?rest_route=%2Fwp%2Fv2%2Fcomments&post=2114"}],"version-history":[{"count":1,"href":"https:\/\/www.radiochiloe.cl\/index.php?rest_route=\/wp\/v2\/posts\/2114\/revisions"}],"predecessor-version":[{"id":2116,"href":"https:\/\/www.radiochiloe.cl\/index.php?rest_route=\/wp\/v2\/posts\/2114\/revisions\/2116"}],"wp:featuredmedia":[{"embeddable":true,"href":"https:\/\/www.radiochiloe.cl\/index.php?rest_route=\/wp\/v2\/media\/2115"}],"wp:attachment":[{"href":"https:\/\/www.radiochiloe.cl\/index.php?rest_route=%2Fwp%2Fv2%2Fmedia&parent=2114"}],"wp:term":[{"taxonomy":"category","embeddable":true,"href":"https:\/\/www.radiochiloe.cl\/index.php?rest_route=%2Fwp%2Fv2%2Fcategories&post=2114"},{"taxonomy":"post_tag","embeddable":true,"href":"https:\/\/www.radiochiloe.cl\/index.php?rest_route=%2Fwp%2Fv2%2Ftags&post=2114"}],"curies":[{"name":"wp","href":"https:\/\/api.w.org\/{rel}","templated":true}]}}