{"id":2117,"date":"2012-07-05T16:08:42","date_gmt":"2012-07-05T20:08:42","guid":{"rendered":"http:\/\/www.radiochiloe.cl\/?p=2117"},"modified":"2012-07-05T17:31:04","modified_gmt":"2012-07-05T21:31:04","slug":"se-entrega-el-alta-a-la-primera-hija-de-los-afortunados-padres-de-los-quintillizos-chilotes","status":"publish","type":"post","link":"https:\/\/www.radiochiloe.cl\/?p=2117","title":{"rendered":"Se entrega el alta a la primera hija de los afortunados padres de los quintillizos chilotes"},"content":{"rendered":"<p style=\"text-align: justify;\">Tras visitar en su hogar a Mar\u00eda Amanda, la primera de los quintillizos dados de alta m\u00e9dica, el Ministro de Salud Jaime Ma\u00f1alich destac\u00f3 el aporte que ha constituido la lactancia materna en la favorable evoluci\u00f3n de los menores nacidos el 2 de abril en el Hospital San Jos\u00e9.<\/p>\n<p style=\"text-align: justify;\">Desde su nacimiento, los cinco hijos de Gloria y Alejandro han sido alimentados con leche materna. Eso \u2018\u2018explica en parte el milagro que estamos viviendo: estos ni\u00f1os han crecido, se han desarrollado bien, han tenido defensas, todos los atributos que tiene la leche materna\u2019\u2018, destac\u00f3 el Ministro.<\/p>\n<p style=\"text-align: justify;\">La autoridad valor\u00f3 el ejemplo para todas las madres de Chile por el sacrificio y el esfuerzo que ha realizado la madre de lo quintillizos todos los d\u00edas los cuatro hermanos de Amanda reciben la visita de su madre en el hospital quien los amamanta y estimula, fomentando as\u00ed el apego con sus hijos.<\/p>\n<p style=\"text-align: justify;\">Asimismo, Jaime Ma\u00f1alich destac\u00f3 que el gran m\u00e9rito del post natal extendido que entr\u00f3 en vigencia en octubre de 2011, es que permite \u2018\u2018mantener la lactancia materna exclusiva hasta los seis meses, con todos los beneficios de salud que ello implica tanto para la madre como para sus hijos\u2019\u2018.<\/p>\n<p style=\"text-align: justify;\">La autoridad destac\u00f3 que es la primera vez que nacen quintillizos en el sistema p\u00fablico de salud y que se determin\u00f3 prestarle apoyo a la familia facilitando personal de apoyo para el cuidado de los lactantes. Apoyo que se concretar\u00e1 durante las pr\u00f3ximas dos semanas cuando dos de los cuatro hermanos de Mar\u00eda Amanda ser\u00e1n dados de alta.<\/p>\n<p style=\"text-align: justify;\">Mar\u00eda Amanda, la segunda en nacer, permaneci\u00f3 internada en la unidad de neonatolog\u00eda del Hospital San Jos\u00e9, donde logr\u00f3 aumentar su peso desde los 868 gramos con que naci\u00f3 a los m\u00e1s de 3 kilos que pesa en la actualidad.<\/p>\n<p style=\"text-align: justify;\">De acuerdo a la evaluaci\u00f3n de los m\u00e9dicos, su hermana Mar\u00eda Jes\u00fas (la mayor) tambi\u00e9n estar\u00eda en condiciones de ser dada de alta pr\u00f3ximamente, pero todo depender\u00e1 de c\u00f3mo prosiga su necesidad de ox\u00edgeno.<\/p>\n<p style=\"text-align: justify;\">Clarisa, la tercera de las ni\u00f1as, ha presentado un menor nivel maduraci\u00f3n de la succi\u00f3n y degluci\u00f3n por lo que est\u00e1 con apoyo kin\u00e9sico permanente y es probable que deba pasar mayor tiempo en las unidades especializadas del Hospital San Jos\u00e9.<\/p>\n<p style=\"text-align: justify;\">\nEn tanto, los dos varones Emilio y Alonso, continuar\u00e1n en la unidad de neonatolog\u00eda porque requieren mayor dependencia de ox\u00edgeno. Con todo, ambos han ido recuperando peso progresivamente. Emilio pesa sobre 2.890 gramos superando los 1.090 que registr\u00f3 cuando naci\u00f3. Y Alonso, actualmente pesa sobre 2.834 gramos superando el kilo que registr\u00f3 tras su nacimiento.<\/p>\n<p style=\"text-align: justify;\">La familia es oriunda de Chilo\u00e9. La madre, es funcionaria del Servicio de Salud Chilo\u00e9. El padre, quien se traslad\u00f3 a Santiago para acompa\u00f1ar a su mujer en el cuidado de los menores, est\u00e1 trabajando en el Departamento de Recursos F\u00edsicos del Servicio de Salud Occidente. Viven en un departamento en la comuna de Independencia, muy cerca del hospital.<\/p>\n<p style=\"text-align: justify;\">El Ministerio de Salud ha implementado diversas estrategias para promover la lactancia materna. Por ejemplo, ha incrementado la cantidad de hospitales acreditados como amigos de la madre y el ni\u00f1o y la formaci\u00f3n de profesionales acreditadores de estos establecimientos.<\/p>\n<p style=\"text-align: justify;\">Paralelamente se ha trabajado en el dise\u00f1o e implementaci\u00f3n de una intervenci\u00f3n nutricional para enfrentar el sobrepeso y obesidad que afecta a la poblaci\u00f3n chilena. La lactancia materna se reconoce como protectora de la obesidad en los ni\u00f1os y su efecto. Estudios han demostrado que su beneficio, proporcional a los meses de amamantamiento, perdura hasta la adolescencia.<\/p>\n<p style=\"text-align: justify;\">El Minsal tambi\u00e9n coordina la Comisi\u00f3n Nacional de Lactancia Materna integrada por la Sociedad Chilena de Pediatr\u00eda, la Junta Nacional de Jardines Infantiles, Fundaci\u00f3n INTEGRA, la Escuela de Obstetricia de la Universidad de Chile, la Liga de Lactancia Materna y diversos Colegios Profesionales. Su fin es desarrollar un programa de trabajo coordinado, a nivel nacional, que promueva, proteja y mantenga este beneficio.<\/p>\n<p style=\"text-align: justify;\">Departamento de Prensa<\/p>\n<p style=\"text-align: justify;\">Fuente: Ministerio de Salud<\/p>\n","protected":false},"excerpt":{"rendered":"<p>Tras visitar en su hogar a Mar\u00eda Amanda, la primera de los quintillizos dados de alta m\u00e9dica, el Ministro de Salud Jaime Ma\u00f1alich destac\u00f3 el aporte que ha constituido la lactancia materna en la favorable evoluci\u00f3n de los menores nacidos el 2 de abril en el Hospital San Jos\u00e9. Desde su nacimiento, los cinco hijos [&hellip;]<\/p>\n","protected":false},"author":2,"featured_media":2118,"comment_status":"open","ping_status":"open","sticky":false,"template":"","format":"standard","meta":[],"categories":[3],"tags":[5],"jetpack_featured_media_url":"https:\/\/www.radiochiloe.cl\/wp-content\/uploads\/2012\/07\/quintillizos.jpg","_links":{"self":[{"href":"https:\/\/www.radiochiloe.cl\/index.php?rest_route=\/wp\/v2\/posts\/2117"}],"collection":[{"href":"https:\/\/www.radiochiloe.cl\/index.php?rest_route=\/wp\/v2\/posts"}],"about":[{"href":"https:\/\/www.radiochiloe.cl\/index.php?rest_route=\/wp\/v2\/types\/post"}],"author":[{"embeddable":true,"href":"https:\/\/www.radiochiloe.cl\/index.php?rest_route=\/wp\/v2\/users\/2"}],"replies":[{"embeddable":true,"href":"https:\/\/www.radiochiloe.cl\/index.php?rest_route=%2Fwp%2Fv2%2Fcomments&post=2117"}],"version-history":[{"count":3,"href":"https:\/\/www.radiochiloe.cl\/index.php?rest_route=\/wp\/v2\/posts\/2117\/revisions"}],"predecessor-version":[{"id":2120,"href":"https:\/\/www.radiochiloe.cl\/index.php?rest_route=\/wp\/v2\/posts\/2117\/revisions\/2120"}],"wp:featuredmedia":[{"embeddable":true,"href":"https:\/\/www.radiochiloe.cl\/index.php?rest_route=\/wp\/v2\/media\/2118"}],"wp:attachment":[{"href":"https:\/\/www.radiochiloe.cl\/index.php?rest_route=%2Fwp%2Fv2%2Fmedia&parent=2117"}],"wp:term":[{"taxonomy":"category","embeddable":true,"href":"https:\/\/www.radiochiloe.cl\/index.php?rest_route=%2Fwp%2Fv2%2Fcategories&post=2117"},{"taxonomy":"post_tag","embeddable":true,"href":"https:\/\/www.radiochiloe.cl\/index.php?rest_route=%2Fwp%2Fv2%2Ftags&post=2117"}],"curies":[{"name":"wp","href":"https:\/\/api.w.org\/{rel}","templated":true}]}}