{"id":2122,"date":"2012-07-05T18:29:44","date_gmt":"2012-07-05T22:29:44","guid":{"rendered":"http:\/\/www.radiochiloe.cl\/?p=2122"},"modified":"2012-07-05T18:29:44","modified_gmt":"2012-07-05T22:29:44","slug":"vialidad-en-conjunto-con-la-empresa-claro-vicuna-habilitan-cuesta-portales","status":"publish","type":"post","link":"https:\/\/www.radiochiloe.cl\/?p=2122","title":{"rendered":"Vialidad en conjunto con la empresa Claro Vicu\u00f1a habilitan cuesta Portales"},"content":{"rendered":"<p style=\"text-align: justify;\">(FOTO ARCHIVO)<\/p>\n<p style=\"text-align: justify;\">Seg\u00fan informaci\u00f3n recibida hace unos breves minutos atr\u00e1s, la cuesta Portales esta HABILITADA solo en una v\u00eda, con precauci\u00f3n.<\/p>\n<p style=\"text-align: justify;\">La directora provincial de Vialidad, Yasna Bahamonde se\u00f1al\u00f3 que producto de la aceleraci\u00f3n de los trabajos y de los compromisos establecidos anteriormente por la empresa ejecutante de la obras del puente Gamboa, se procedi\u00f3 ha habilitar esta calle en un sentido \u201cnosotros procedimos hoy d\u00eda a dar el paso solo para veh\u00edculos peque\u00f1os por la cuesta Portales con las indicaciones correspondientes, permitiendo la circulaci\u00f3n solo de bajada, producto de las condiciones clim\u00e1ticas imperantes en la zona y de los pron\u00f3sticos que nos indican que la ola de fr\u00edo va ha continuar\u201d sostuvo.<\/p>\n<p style=\"text-align: justify;\">Yasna Bahamonde acot\u00f3 que tambi\u00e9n se entreg\u00f3 una cantidad de sal industrial para que la empresa lo esparza en la noche \u201cqueremos prevenir accidentes, por eso se entreg\u00f3 a la empresa una cantidad de sal industrial para que sea esparcida durante la noche, porque la condiciones son desfavorables para el tr\u00e1nsito en el sector. Adem\u00e1s con esto se podr\u00e1 descongestionar el centro de Castro de manera provisoria hasta que se normalice por completo la calle\u201d enfatiz\u00f3.<\/p>\n<p style=\"text-align: justify;\">Por \u00faltimo se inform\u00f3 que debido a las bajas temperaturas lamentablemente los trabajos se han visto dificultados, ya que para poder hormigonar el tramo, se necesita una temperatura adecuada, por eso solo se esta abriendo el tr\u00e1nsito de bajada y en una sola v\u00eda.<\/p>\n<p style=\"text-align: justify;\">Departamento de Prensa<\/p>\n","protected":false},"excerpt":{"rendered":"<p>(FOTO ARCHIVO) Seg\u00fan informaci\u00f3n recibida hace unos breves minutos atr\u00e1s, la cuesta Portales esta HABILITADA solo en una v\u00eda, con precauci\u00f3n. La directora provincial de Vialidad, Yasna Bahamonde se\u00f1al\u00f3 que producto de la aceleraci\u00f3n de los trabajos y de los compromisos establecidos anteriormente por la empresa ejecutante de la obras del puente Gamboa, se procedi\u00f3 [&hellip;]<\/p>\n","protected":false},"author":2,"featured_media":2123,"comment_status":"open","ping_status":"open","sticky":false,"template":"","format":"standard","meta":[],"categories":[3],"tags":[5],"jetpack_featured_media_url":"https:\/\/www.radiochiloe.cl\/wp-content\/uploads\/2012\/07\/portales-2.jpg","_links":{"self":[{"href":"https:\/\/www.radiochiloe.cl\/index.php?rest_route=\/wp\/v2\/posts\/2122"}],"collection":[{"href":"https:\/\/www.radiochiloe.cl\/index.php?rest_route=\/wp\/v2\/posts"}],"about":[{"href":"https:\/\/www.radiochiloe.cl\/index.php?rest_route=\/wp\/v2\/types\/post"}],"author":[{"embeddable":true,"href":"https:\/\/www.radiochiloe.cl\/index.php?rest_route=\/wp\/v2\/users\/2"}],"replies":[{"embeddable":true,"href":"https:\/\/www.radiochiloe.cl\/index.php?rest_route=%2Fwp%2Fv2%2Fcomments&post=2122"}],"version-history":[{"count":3,"href":"https:\/\/www.radiochiloe.cl\/index.php?rest_route=\/wp\/v2\/posts\/2122\/revisions"}],"predecessor-version":[{"id":2126,"href":"https:\/\/www.radiochiloe.cl\/index.php?rest_route=\/wp\/v2\/posts\/2122\/revisions\/2126"}],"wp:featuredmedia":[{"embeddable":true,"href":"https:\/\/www.radiochiloe.cl\/index.php?rest_route=\/wp\/v2\/media\/2123"}],"wp:attachment":[{"href":"https:\/\/www.radiochiloe.cl\/index.php?rest_route=%2Fwp%2Fv2%2Fmedia&parent=2122"}],"wp:term":[{"taxonomy":"category","embeddable":true,"href":"https:\/\/www.radiochiloe.cl\/index.php?rest_route=%2Fwp%2Fv2%2Fcategories&post=2122"},{"taxonomy":"post_tag","embeddable":true,"href":"https:\/\/www.radiochiloe.cl\/index.php?rest_route=%2Fwp%2Fv2%2Ftags&post=2122"}],"curies":[{"name":"wp","href":"https:\/\/api.w.org\/{rel}","templated":true}]}}