{"id":2127,"date":"2012-07-05T19:41:24","date_gmt":"2012-07-05T23:41:24","guid":{"rendered":"http:\/\/www.radiochiloe.cl\/?p=2127"},"modified":"2012-07-05T19:41:24","modified_gmt":"2012-07-05T23:41:24","slug":"alumno-del-colegio-carpe-diem-evoluciona-positivamente-en-temuco","status":"publish","type":"post","link":"https:\/\/www.radiochiloe.cl\/?p=2127","title":{"rendered":"Alumno del Colegio Carpe Diem evoluciona positivamente en Temuco"},"content":{"rendered":"<p style=\"text-align: justify;\">(FOTO FRONTIS CARPE DIEM)<\/p>\n<p style=\"text-align: justify;\">Mucha incertidumbre ha experimentado la comunidad escolar, padres y apoderados, cuerpo docente del Colegio Carpe Diem producto de la evoluci\u00f3n del menor de 14 a\u00f1os Nelson C\u00e1rcamo Mu\u00f1oz que permanece en la UCI pedi\u00e1trica del hospital de Temuco.<\/p>\n<p style=\"text-align: justify;\">Pero parece que la constante preocupaci\u00f3n y las oraciones realizadas por todos los integrantes de este establecimiento educacional, han surtido efecto, porque recientemente el m\u00e9dico internista del hospital de Temuco Pablo Vald\u00e9s, que habl\u00f3 en exclusiva con Radio Chilo\u00e9, indic\u00f3 que el menor evoluciona positivamente, luego que lleg\u00f3 en muy malas condiciones hasta la regi\u00f3n de la Araucan\u00eda.<\/p>\n<p style=\"text-align: justify;\">\u201cNelson ha experimentado una evoluci\u00f3n bastante favorable estos \u00faltimos d\u00edas. En estos momentos el esta respirando por si solo, porque hasta ayer estuvo conectado a un respirador mec\u00e1nico. Se tuvo que realizar una entubaci\u00f3n la cual fue exitosa y eso nos dio claras se\u00f1ales de su evoluci\u00f3n favorable. Adem\u00e1s le quitamos la medicaci\u00f3n con drogas que lo manten\u00eda sedado, lo que origin\u00f3 que ahora \u00e9l este conciente, pero a\u00fan bastante desorientado por el efecto de las drogas que fueron necesarias en su momento para mantenerlo tranquilo producto de la conexi\u00f3n al respirador mec\u00e1nico\u201d sostuvo.<\/p>\n<p style=\"text-align: justify;\">El m\u00e9dico agreg\u00f3 que el alumno del colegio Carpe Diem lleg\u00f3 bastante grave a la unidad, lo que gener\u00f3 el inmediato trabajo del cuerpo m\u00e9dico especialista del hospital de Temuco \u201cnosotros ten\u00edamos mucho temor de que la quemadura de la v\u00eda a\u00e9rea era m\u00e1s extensa pero evolucion\u00f3 muy bien y lo otro que se descart\u00f3 ayer es la quemadura de sus ojos, fue revisado por un oftalm\u00f3logo, quien nos inform\u00f3 que las lesiones eran superficiales lo que nos indica que no debiese tener mayor complicaciones con sus visi\u00f3n\u201d enfatiz\u00f3 el facultativo.<\/p>\n<p style=\"text-align: justify;\">En cuanto a las quemaduras que present\u00f3 el menor en sus extremidades y en el rostro el doctor Pablo Vald\u00e9s dijo que estas lesiones est\u00e1n evolucionando acorde pasan los d\u00edas \u201clas del rostro son superficiales, las de las manos y el antebrazo son un poco m\u00e1s profundas, pero todav\u00eda falta ver la evoluci\u00f3n, porque a veces uno, en una primera instancia, aprecia cierto grado de profundidad pero con el transcurso de los d\u00edas esto puede mejorar o empeorar\u201d explic\u00f3.<\/p>\n<p style=\"text-align: justify;\">El doctor expres\u00f3 que \u201cel paciente desde el punto de vista general esta en bastantes buenas condiciones y ha experimentado un progreso positivo desde el punto de vista m\u00e9dico, ahora solo falta la evoluci\u00f3n de sus lesiones en la cara que me imagin\u00f3 tendr\u00e1 algunos problemas en la pigmentaci\u00f3n pero la preocupaci\u00f3n principal ahora son las quemaduras en sus manos, porque pensamos que si todo sale bien la recuperaci\u00f3n de la movilidad ser\u00e1 buena, pero en unos 4 o 5 d\u00edas m\u00e1s veremos luego de una curaci\u00f3n programada como esta todo\u201d sentenci\u00f3.<\/p>\n<p style=\"text-align: justify;\">Cabe mencionar que el facultativo se\u00f1al\u00f3 que todo avanza seg\u00fan lo planificado, por eso llam\u00f3 a la tranquilidad a los familiares y a todos sus compa\u00f1eros de colegio, porque la evoluci\u00f3n es bastante positiva hasta este momento.<\/p>\n<p style=\"text-align: justify;\">Departamento de Prensa<\/p>\n","protected":false},"excerpt":{"rendered":"<p>(FOTO FRONTIS CARPE DIEM) Mucha incertidumbre ha experimentado la comunidad escolar, padres y apoderados, cuerpo docente del Colegio Carpe Diem producto de la evoluci\u00f3n del menor de 14 a\u00f1os Nelson C\u00e1rcamo Mu\u00f1oz que permanece en la UCI pedi\u00e1trica del hospital de Temuco. Pero parece que la constante preocupaci\u00f3n y las oraciones realizadas por todos los [&hellip;]<\/p>\n","protected":false},"author":2,"featured_media":2128,"comment_status":"open","ping_status":"open","sticky":false,"template":"","format":"standard","meta":[],"categories":[3],"tags":[5],"jetpack_featured_media_url":"https:\/\/www.radiochiloe.cl\/wp-content\/uploads\/2012\/07\/carpediem.jpg","_links":{"self":[{"href":"https:\/\/www.radiochiloe.cl\/index.php?rest_route=\/wp\/v2\/posts\/2127"}],"collection":[{"href":"https:\/\/www.radiochiloe.cl\/index.php?rest_route=\/wp\/v2\/posts"}],"about":[{"href":"https:\/\/www.radiochiloe.cl\/index.php?rest_route=\/wp\/v2\/types\/post"}],"author":[{"embeddable":true,"href":"https:\/\/www.radiochiloe.cl\/index.php?rest_route=\/wp\/v2\/users\/2"}],"replies":[{"embeddable":true,"href":"https:\/\/www.radiochiloe.cl\/index.php?rest_route=%2Fwp%2Fv2%2Fcomments&post=2127"}],"version-history":[{"count":8,"href":"https:\/\/www.radiochiloe.cl\/index.php?rest_route=\/wp\/v2\/posts\/2127\/revisions"}],"predecessor-version":[{"id":2136,"href":"https:\/\/www.radiochiloe.cl\/index.php?rest_route=\/wp\/v2\/posts\/2127\/revisions\/2136"}],"wp:featuredmedia":[{"embeddable":true,"href":"https:\/\/www.radiochiloe.cl\/index.php?rest_route=\/wp\/v2\/media\/2128"}],"wp:attachment":[{"href":"https:\/\/www.radiochiloe.cl\/index.php?rest_route=%2Fwp%2Fv2%2Fmedia&parent=2127"}],"wp:term":[{"taxonomy":"category","embeddable":true,"href":"https:\/\/www.radiochiloe.cl\/index.php?rest_route=%2Fwp%2Fv2%2Fcategories&post=2127"},{"taxonomy":"post_tag","embeddable":true,"href":"https:\/\/www.radiochiloe.cl\/index.php?rest_route=%2Fwp%2Fv2%2Ftags&post=2127"}],"curies":[{"name":"wp","href":"https:\/\/api.w.org\/{rel}","templated":true}]}}