{"id":2145,"date":"2012-07-06T12:54:08","date_gmt":"2012-07-06T16:54:08","guid":{"rendered":"http:\/\/www.radiochiloe.cl\/?p=2145"},"modified":"2012-07-06T12:54:08","modified_gmt":"2012-07-06T16:54:08","slug":"85-mil-bonos-solidarios-de-alimentos-se-entregaran-en-la-region-de-los-lagos","status":"publish","type":"post","link":"https:\/\/www.radiochiloe.cl\/?p=2145","title":{"rendered":"85 mil bonos solidarios de alimentos se entregar\u00e1n en la Regi\u00f3n de Los Lagos"},"content":{"rendered":"<p style=\"text-align: justify;\">M\u00e1s de 85 mil familias de la Regi\u00f3n de Los Lagos se ver\u00e1n beneficiados con el Bono Solidario de Alimentos, anunciado por el Presidente Sebasti\u00e1n Pi\u00f1era en su cuenta del 21 de mayo, y que fue pagado ayer y hoy en todo el pa\u00eds. En la zona, el intendente Juan\u00a0Sebastian\u00a0Montes, acudi\u00f3 al centro de pago de la capital regional para compartir con los beneficiarios que acudieron a las cajas dispuestas por el Instituto de Previsi\u00f3n Social (IPS).<\/p>\n<p style=\"text-align: justify;\">El Bono Solidario de Alimentos ser\u00e1 de 40 mil pesos por familia seg\u00fan lo consignado en la Ficha de Protecci\u00f3n Social, el que se ver\u00e1 incrementado con un monto adicional de 7.500 pesos por cada menor de 18 a\u00f1os de edad que integre el grupo familiar, explic\u00f3 la m\u00e1xima autoridad regional, quien junto al subsecretario de Seguridad P\u00fablica,\u00a0Cristobal\u00a0Lira; al seremi de Desarrollo Social, Felipe de Mussy; a la seremi del Trabajo, Andrea R\u00f3smanich y al director del IPS, Ricardo Brunet, compartieron con las personas que llegaron esta ma\u00f1ana a recibir su cheque.<\/p>\n<p style=\"text-align: justify;\">\u00bfQui\u00e9nes tienen derecho al bono? Familias que cuenten con Ficha de Protecci\u00f3n Social y que se encuentren percibiendo la bonificaci\u00f3n al Ingreso \u00c9tico Familiar y que registren entre sus integrantes del grupo familiar adscrito a la Ficha de Protecci\u00f3n Social; uno o m\u00e1s beneficiarios del subsidio familiar; o de la asignaci\u00f3n familiar; o de la asignaci\u00f3n maternal, siempre que hayan percibido las referidas asignaciones por tener ingresos iguales o inferiores al l\u00edmite m\u00e1ximo establecido en la ley.<\/p>\n<p style=\"text-align: justify;\">El jefe del Gobierno Regional precis\u00f3 que en la provincia de Llanquihue se pagar\u00e1n 37.777 bonos; 21.291 en Osorno; 16.650 en Chilo\u00e9 y 540 en Palena. Y con respecto a los pagos rurales, 9.541 beneficiarios recibir\u00e1n su bono de alimentos.<\/p>\n<p style=\"text-align: justify;\">\u201cCreemos que durante este invierno muchas familias necesitar\u00e1n una inyecci\u00f3n extra de dinero para combatir las bajas temperaturas, medicamentos o cualquier imprevisto que aparezca, por lo que el bono entregado por el gobierno del Presidente Pi\u00f1era es un gran alivio para las 85 mil familias que estamos beneficiando\u201d, precis\u00f3 la m\u00e1xima autoridad regional.<\/p>\n<p style=\"text-align: justify;\">Departamento de Prensa<\/p>\n","protected":false},"excerpt":{"rendered":"<p>M\u00e1s de 85 mil familias de la Regi\u00f3n de Los Lagos se ver\u00e1n beneficiados con el Bono Solidario de Alimentos, anunciado por el Presidente Sebasti\u00e1n Pi\u00f1era en su cuenta del 21 de mayo, y que fue pagado ayer y hoy en todo el pa\u00eds. En la zona, el intendente Juan\u00a0Sebastian\u00a0Montes, acudi\u00f3 al centro de pago [&hellip;]<\/p>\n","protected":false},"author":2,"featured_media":2146,"comment_status":"open","ping_status":"open","sticky":false,"template":"","format":"standard","meta":[],"categories":[3],"tags":[5],"jetpack_featured_media_url":"https:\/\/www.radiochiloe.cl\/wp-content\/uploads\/2012\/07\/bono.jpg","_links":{"self":[{"href":"https:\/\/www.radiochiloe.cl\/index.php?rest_route=\/wp\/v2\/posts\/2145"}],"collection":[{"href":"https:\/\/www.radiochiloe.cl\/index.php?rest_route=\/wp\/v2\/posts"}],"about":[{"href":"https:\/\/www.radiochiloe.cl\/index.php?rest_route=\/wp\/v2\/types\/post"}],"author":[{"embeddable":true,"href":"https:\/\/www.radiochiloe.cl\/index.php?rest_route=\/wp\/v2\/users\/2"}],"replies":[{"embeddable":true,"href":"https:\/\/www.radiochiloe.cl\/index.php?rest_route=%2Fwp%2Fv2%2Fcomments&post=2145"}],"version-history":[{"count":2,"href":"https:\/\/www.radiochiloe.cl\/index.php?rest_route=\/wp\/v2\/posts\/2145\/revisions"}],"predecessor-version":[{"id":2148,"href":"https:\/\/www.radiochiloe.cl\/index.php?rest_route=\/wp\/v2\/posts\/2145\/revisions\/2148"}],"wp:featuredmedia":[{"embeddable":true,"href":"https:\/\/www.radiochiloe.cl\/index.php?rest_route=\/wp\/v2\/media\/2146"}],"wp:attachment":[{"href":"https:\/\/www.radiochiloe.cl\/index.php?rest_route=%2Fwp%2Fv2%2Fmedia&parent=2145"}],"wp:term":[{"taxonomy":"category","embeddable":true,"href":"https:\/\/www.radiochiloe.cl\/index.php?rest_route=%2Fwp%2Fv2%2Fcategories&post=2145"},{"taxonomy":"post_tag","embeddable":true,"href":"https:\/\/www.radiochiloe.cl\/index.php?rest_route=%2Fwp%2Fv2%2Ftags&post=2145"}],"curies":[{"name":"wp","href":"https:\/\/api.w.org\/{rel}","templated":true}]}}