{"id":2149,"date":"2012-07-06T15:41:41","date_gmt":"2012-07-06T19:41:41","guid":{"rendered":"http:\/\/www.radiochiloe.cl\/?p=2149"},"modified":"2012-07-06T15:41:41","modified_gmt":"2012-07-06T19:41:41","slug":"saesa-efectuara-mejoramiento-de-redes-electricas-en-todo-chiloe","status":"publish","type":"post","link":"https:\/\/www.radiochiloe.cl\/?p=2149","title":{"rendered":"Saesa efectuar\u00e1 mejoramiento de redes el\u00e9ctricas en todo Chilo\u00e9"},"content":{"rendered":"<p style=\"text-align: justify;\">Trabajos de mejoramiento en las redes de distribuci\u00f3n de electricidad, mantenimiento preventivo, faenas de roce, reubicaci\u00f3n de trazado, entre otras obras realizar\u00e1 este Domingo 8 de Julio personal de Saesa en Chilo\u00e9, aprovechando la desconexi\u00f3n programada por la empresa Sistema de Transmisi\u00f3n del Sur, cuyas faenas requieren un corte total. Esto debido a la intervenci\u00f3n que realizar\u00e1n de la l\u00ednea de transmisi\u00f3n que abastece toda la Isla Grande, y que se encuentra inscrita en el programa anual de desconexiones informado a la autoridad.<\/p>\n<p style=\"text-align: justify;\">Esta desconexi\u00f3n se extender\u00e1 entre las 08:00 y las 14:00 horas de este domingo en toda la Provincia de Chilo\u00e9.<\/p>\n<p style=\"text-align: justify;\">Francisco Yunge, jefe comercial de Saesa, explic\u00f3 que \u201canualmente las transmisoras \u2013que abastecen a las distribuidoras como Saesa- efect\u00faan a lo menos una desconexi\u00f3n anual para mantenimiento de sus subestaciones y l\u00edneas de transmisi\u00f3n. Es una desconexi\u00f3n que aprovechamos para realizar trabajos que nos permitan mejorar la calidad de servicio, especialmente si consideramos que estamos en una zona de clima adverso y de vegetaci\u00f3n abundante, ambos temas de efecto negativo para la continuidad del suministro\u201d.<\/p>\n<p style=\"text-align: justify;\">En total habr\u00e1 244 trabajadores de Saesa y personal contratista en el desarrollo de las faenas, apoy\u00e1ndose con maquinaria pesada y camiones. Yunge agreg\u00f3 que estas labores demandar\u00e1n una inversi\u00f3n que bordea los $400 millones, y entre reemplazo de estructuras, mejoramiento y roce.<\/p>\n<p style=\"text-align: justify;\">Las faenas de roce que se llevar\u00e1n a cabo \u201cayudar\u00e1n a mantener el tendido el\u00e9ctrico despejado de \u00e1rboles y ramas, que son causa importante de cortes energ\u00eda. Adem\u00e1s, estas labores incluyen trabajos de mantenimiento preventivo en todas las subestaciones de la Isla Grande\u201d, agreg\u00f3 Francisco Yunge.<\/p>\n<p style=\"text-align: justify;\">El ejecutivo, junto con agradecer la comprensi\u00f3n de los clientes por esta desconexi\u00f3n, recomend\u00f3 a todos los habitantes de Chilo\u00e9, desconectar sus artefactos el\u00e9ctricos durante este corte de energ\u00eda programado, a fin de evitar cualquier desperfecto al retorno del suministro.<\/p>\n<p style=\"text-align: justify;\">Departamento de Prensa<\/p>\n","protected":false},"excerpt":{"rendered":"<p>Trabajos de mejoramiento en las redes de distribuci\u00f3n de electricidad, mantenimiento preventivo, faenas de roce, reubicaci\u00f3n de trazado, entre otras obras realizar\u00e1 este Domingo 8 de Julio personal de Saesa en Chilo\u00e9, aprovechando la desconexi\u00f3n programada por la empresa Sistema de Transmisi\u00f3n del Sur, cuyas faenas requieren un corte total. Esto debido a la intervenci\u00f3n [&hellip;]<\/p>\n","protected":false},"author":2,"featured_media":2150,"comment_status":"open","ping_status":"open","sticky":false,"template":"","format":"standard","meta":[],"categories":[3],"tags":[5],"jetpack_featured_media_url":"https:\/\/www.radiochiloe.cl\/wp-content\/uploads\/2012\/07\/saesa.jpg","_links":{"self":[{"href":"https:\/\/www.radiochiloe.cl\/index.php?rest_route=\/wp\/v2\/posts\/2149"}],"collection":[{"href":"https:\/\/www.radiochiloe.cl\/index.php?rest_route=\/wp\/v2\/posts"}],"about":[{"href":"https:\/\/www.radiochiloe.cl\/index.php?rest_route=\/wp\/v2\/types\/post"}],"author":[{"embeddable":true,"href":"https:\/\/www.radiochiloe.cl\/index.php?rest_route=\/wp\/v2\/users\/2"}],"replies":[{"embeddable":true,"href":"https:\/\/www.radiochiloe.cl\/index.php?rest_route=%2Fwp%2Fv2%2Fcomments&post=2149"}],"version-history":[{"count":2,"href":"https:\/\/www.radiochiloe.cl\/index.php?rest_route=\/wp\/v2\/posts\/2149\/revisions"}],"predecessor-version":[{"id":2152,"href":"https:\/\/www.radiochiloe.cl\/index.php?rest_route=\/wp\/v2\/posts\/2149\/revisions\/2152"}],"wp:featuredmedia":[{"embeddable":true,"href":"https:\/\/www.radiochiloe.cl\/index.php?rest_route=\/wp\/v2\/media\/2150"}],"wp:attachment":[{"href":"https:\/\/www.radiochiloe.cl\/index.php?rest_route=%2Fwp%2Fv2%2Fmedia&parent=2149"}],"wp:term":[{"taxonomy":"category","embeddable":true,"href":"https:\/\/www.radiochiloe.cl\/index.php?rest_route=%2Fwp%2Fv2%2Fcategories&post=2149"},{"taxonomy":"post_tag","embeddable":true,"href":"https:\/\/www.radiochiloe.cl\/index.php?rest_route=%2Fwp%2Fv2%2Ftags&post=2149"}],"curies":[{"name":"wp","href":"https:\/\/api.w.org\/{rel}","templated":true}]}}