{"id":2153,"date":"2012-07-06T17:29:19","date_gmt":"2012-07-06T21:29:19","guid":{"rendered":"http:\/\/www.radiochiloe.cl\/?p=2153"},"modified":"2012-07-06T17:29:19","modified_gmt":"2012-07-06T21:29:19","slug":"gobernacion-provincial-apoya-a-candelaria-vargas","status":"publish","type":"post","link":"https:\/\/www.radiochiloe.cl\/?p=2153","title":{"rendered":"Gobernaci\u00f3n provincial apoya a Candelaria Vargas"},"content":{"rendered":"<p style=\"text-align: justify;\">El Gobernador Provincial C\u00e9sar Zambrano, junto a la asistente social Claudia Ballesteros, entreg\u00f3 en horas de esta tarde un horno industrial a Candelaria Vargas, quien recordemos hace unos d\u00edas atr\u00e1s perdi\u00f3 a su peque\u00f1a hija Pilar Saldivia de solo 12 a\u00f1os.<\/p>\n<p style=\"text-align: justify;\">La gobernaci\u00f3n, como una manera de seguir apoyando a esta familia, realiz\u00f3 esta entrega de este horno industrial de tal modo de que la se\u00f1ora Candelaria se inserte en el mundo laboral, y mejore de esta manera su calidad de vida.<\/p>\n<p style=\"text-align: justify;\">\u201cTengo sentimientos encontrados, estoy con mucha pena y el dolor de haber perdido a mi hijita, me siento agradecida de la gobernaci\u00f3n por haberme entregado este aporte. Ellos me han estado apoyando incluso antes que falleciera Pilar\u201d, manifest\u00f3 emocionada.<\/p>\n<p style=\"text-align: justify;\">En este sentido el Gobernador de Chilo\u00e9 C\u00e9sar Zambrano, explic\u00f3 que este aporte forma parte de un apoyo a la l\u00ednea de emprendimiento en el marco del Fondo Orasmi, que lleva desarrollando la Gobernaci\u00f3n Provincial de Chilo\u00e9, desde un tiempo a esta parte.<\/p>\n<p style=\"text-align: justify;\">\u201cEl a\u00f1o pasado entregamos cuatro emprendimientos, tanto a hombres como a mujeres de la provincia, este a\u00f1o se har\u00e1 entrega a seis emprendedores m\u00e1s. Lo que pretendemos en concreto, es mejorar la calidad de vida de nuestros vecinos, apoy\u00e1ndolos en insumos que les permitan desarrollar sus habilidades y el esp\u00edritu emprendedor, para que finalmente salgan adelante, junto a sus familias\u201d.<\/p>\n<p style=\"text-align: justify;\">Departamento de Prensa<\/p>\n","protected":false},"excerpt":{"rendered":"<p>El Gobernador Provincial C\u00e9sar Zambrano, junto a la asistente social Claudia Ballesteros, entreg\u00f3 en horas de esta tarde un horno industrial a Candelaria Vargas, quien recordemos hace unos d\u00edas atr\u00e1s perdi\u00f3 a su peque\u00f1a hija Pilar Saldivia de solo 12 a\u00f1os. La gobernaci\u00f3n, como una manera de seguir apoyando a esta familia, realiz\u00f3 esta entrega [&hellip;]<\/p>\n","protected":false},"author":2,"featured_media":2154,"comment_status":"open","ping_status":"open","sticky":false,"template":"","format":"standard","meta":[],"categories":[3],"tags":[5],"jetpack_featured_media_url":"https:\/\/www.radiochiloe.cl\/wp-content\/uploads\/2012\/07\/gobernador.jpg","_links":{"self":[{"href":"https:\/\/www.radiochiloe.cl\/index.php?rest_route=\/wp\/v2\/posts\/2153"}],"collection":[{"href":"https:\/\/www.radiochiloe.cl\/index.php?rest_route=\/wp\/v2\/posts"}],"about":[{"href":"https:\/\/www.radiochiloe.cl\/index.php?rest_route=\/wp\/v2\/types\/post"}],"author":[{"embeddable":true,"href":"https:\/\/www.radiochiloe.cl\/index.php?rest_route=\/wp\/v2\/users\/2"}],"replies":[{"embeddable":true,"href":"https:\/\/www.radiochiloe.cl\/index.php?rest_route=%2Fwp%2Fv2%2Fcomments&post=2153"}],"version-history":[{"count":1,"href":"https:\/\/www.radiochiloe.cl\/index.php?rest_route=\/wp\/v2\/posts\/2153\/revisions"}],"predecessor-version":[{"id":2155,"href":"https:\/\/www.radiochiloe.cl\/index.php?rest_route=\/wp\/v2\/posts\/2153\/revisions\/2155"}],"wp:featuredmedia":[{"embeddable":true,"href":"https:\/\/www.radiochiloe.cl\/index.php?rest_route=\/wp\/v2\/media\/2154"}],"wp:attachment":[{"href":"https:\/\/www.radiochiloe.cl\/index.php?rest_route=%2Fwp%2Fv2%2Fmedia&parent=2153"}],"wp:term":[{"taxonomy":"category","embeddable":true,"href":"https:\/\/www.radiochiloe.cl\/index.php?rest_route=%2Fwp%2Fv2%2Fcategories&post=2153"},{"taxonomy":"post_tag","embeddable":true,"href":"https:\/\/www.radiochiloe.cl\/index.php?rest_route=%2Fwp%2Fv2%2Ftags&post=2153"}],"curies":[{"name":"wp","href":"https:\/\/api.w.org\/{rel}","templated":true}]}}