{"id":2156,"date":"2012-07-07T08:00:20","date_gmt":"2012-07-07T12:00:20","guid":{"rendered":"http:\/\/www.radiochiloe.cl\/?p=2156"},"modified":"2012-07-06T18:52:34","modified_gmt":"2012-07-06T22:52:34","slug":"hogar-de-cristo-refuerza-su-plan-de-invierno-en-chiloe","status":"publish","type":"post","link":"https:\/\/www.radiochiloe.cl\/?p=2156","title":{"rendered":"Hogar de Cristo refuerza su plan de invierno en Chilo\u00e9"},"content":{"rendered":"<p style=\"text-align: justify;\">El Hogar de Cristo en Chilo\u00e9, continua con su plan de invierno que consiste en entregar alimentaci\u00f3n y abrigo ha aquellas personas que viven en situaci\u00f3n de calle.<\/p>\n<p style=\"text-align: justify;\">Ana Mar\u00eda de la Fuente, encargada provincial de la entidad, se\u00f1al\u00f3 que este plan de invierno se est\u00e1 desarrollando en las comunas de Ancud, Castro y Quell\u00f3n, donde en los \u00faltimos d\u00edas se ha atendido a unas 43 personas en promedio.<\/p>\n<p style=\"text-align: justify;\">\u201cEstamos en pleno trabajo durante las noches y los d\u00edas. Esto comenz\u00f3 en mayo de este a\u00f1o y \u00fanico objetivo que persigue este plan es tratar de mitigar los efectos de ola de fr\u00edo y lluvia en 3 comunas de la provincia\u201d.<\/p>\n<p style=\"text-align: justify;\">La encargada del Hogar de Cristo agreg\u00f3, que tanto en la noche como en la ma\u00f1ana se les ofrece alimentaci\u00f3n a las personas en situaci\u00f3n de calle y de paso solicit\u00f3 a la comunidad ayuda en vestuario para ser distribuidos a quienes viven en estas condiciones.<\/p>\n<p style=\"text-align: justify;\">\u201c\u00daltimamente las personas que se atienden en las diferentes hospedar\u00edas esta ingresando m\u00e1s temprano y se retiran m\u00e1s tarde producto de las bajas temperaturas, se les sirve buena comida y calentita. Aprovecho de solicitar a la comunidad que nos coopere con ropa interior abrigadora, porque las personas que llegan hasta estos lugares lo hacen con la ropa muy mojada y tambi\u00e9n en muy mal estado\u201d se\u00f1al\u00f3<\/p>\n<p style=\"text-align: justify;\">Ana Mar\u00eda de la Fuente, hizo un llamado a la comunidad para que en caso de percatarse de que alguna persona duerma en la calle durante la noche, llamen al hogar de Cristo o bien a Carabineros para que esa persona sea trasladada a las hospeder\u00edas que tiene la entidad, tanto en Ancud, Castro y Quell\u00f3n.<\/p>\n<p style=\"text-align: justify;\">Record\u00f3 que el tel\u00e9fono del Hogar de Cristo es el 632929, donde pueden canalizar su ayuda o bien para requerir hospedaje para alguna persona que se encuentra en situaci\u00f3n de calle, durante estas fr\u00edas noches de invierno.<\/p>\n<p style=\"text-align: justify;\">Departamento de Prensa<\/p>\n","protected":false},"excerpt":{"rendered":"<p>El Hogar de Cristo en Chilo\u00e9, continua con su plan de invierno que consiste en entregar alimentaci\u00f3n y abrigo ha aquellas personas que viven en situaci\u00f3n de calle. Ana Mar\u00eda de la Fuente, encargada provincial de la entidad, se\u00f1al\u00f3 que este plan de invierno se est\u00e1 desarrollando en las comunas de Ancud, Castro y Quell\u00f3n, [&hellip;]<\/p>\n","protected":false},"author":2,"featured_media":2157,"comment_status":"open","ping_status":"open","sticky":false,"template":"","format":"standard","meta":[],"categories":[3],"tags":[5],"jetpack_featured_media_url":"https:\/\/www.radiochiloe.cl\/wp-content\/uploads\/2012\/07\/calle.jpg","_links":{"self":[{"href":"https:\/\/www.radiochiloe.cl\/index.php?rest_route=\/wp\/v2\/posts\/2156"}],"collection":[{"href":"https:\/\/www.radiochiloe.cl\/index.php?rest_route=\/wp\/v2\/posts"}],"about":[{"href":"https:\/\/www.radiochiloe.cl\/index.php?rest_route=\/wp\/v2\/types\/post"}],"author":[{"embeddable":true,"href":"https:\/\/www.radiochiloe.cl\/index.php?rest_route=\/wp\/v2\/users\/2"}],"replies":[{"embeddable":true,"href":"https:\/\/www.radiochiloe.cl\/index.php?rest_route=%2Fwp%2Fv2%2Fcomments&post=2156"}],"version-history":[{"count":2,"href":"https:\/\/www.radiochiloe.cl\/index.php?rest_route=\/wp\/v2\/posts\/2156\/revisions"}],"predecessor-version":[{"id":2159,"href":"https:\/\/www.radiochiloe.cl\/index.php?rest_route=\/wp\/v2\/posts\/2156\/revisions\/2159"}],"wp:featuredmedia":[{"embeddable":true,"href":"https:\/\/www.radiochiloe.cl\/index.php?rest_route=\/wp\/v2\/media\/2157"}],"wp:attachment":[{"href":"https:\/\/www.radiochiloe.cl\/index.php?rest_route=%2Fwp%2Fv2%2Fmedia&parent=2156"}],"wp:term":[{"taxonomy":"category","embeddable":true,"href":"https:\/\/www.radiochiloe.cl\/index.php?rest_route=%2Fwp%2Fv2%2Fcategories&post=2156"},{"taxonomy":"post_tag","embeddable":true,"href":"https:\/\/www.radiochiloe.cl\/index.php?rest_route=%2Fwp%2Fv2%2Ftags&post=2156"}],"curies":[{"name":"wp","href":"https:\/\/api.w.org\/{rel}","templated":true}]}}