{"id":2160,"date":"2012-07-07T09:00:01","date_gmt":"2012-07-07T13:00:01","guid":{"rendered":"http:\/\/www.radiochiloe.cl\/?p=2160"},"modified":"2012-07-06T19:09:06","modified_gmt":"2012-07-06T23:09:06","slug":"existe-preocupacion-por-el-consumo-de-lena-chilota-en-el-continente","status":"publish","type":"post","link":"https:\/\/www.radiochiloe.cl\/?p=2160","title":{"rendered":"Existe preocupaci\u00f3n por el consumo de le\u00f1a chilota en el continente"},"content":{"rendered":"<p style=\"text-align: justify;\">En medio de las bajas temperaturas que afectan a la zona, la vecina castre\u00f1a, Bernardita Caro, manifest\u00f3 su inquietud, por la cantidad de camiones que est\u00e1n viajando con le\u00f1a desde Chilo\u00e9 hasta la ciudad de Puerto Montt.<\/p>\n<p style=\"text-align: justify;\">Indic\u00f3 que personalmente fue testigo en el canal de Chacao, ver a varios camiones transportando le\u00f1a hacia la provincia de Llanquihue, y por lo mismo no sabe si alg\u00fan organismo est\u00e1 regulando la salida de este producto al continente.<\/p>\n<p style=\"text-align: justify;\">Bernardita Caro, agreg\u00f3 que esta situaci\u00f3n deber\u00eda preocupar a la comunidad chilota, entendiendo que en muchas islas de la provincia, no existe este recurso forestal y que incluso en alguna ciudades m\u00e1s grandes el producto le\u00f1a se hace escaso principalmente en los meses de invierno.<\/p>\n<p style=\"text-align: justify;\">La vecina record\u00f3 que la tala de \u00e1rboles para convertirlo en le\u00f1a, es una situaci\u00f3n que debe preocupar, porque se trata de un producto que no se reproduce de un a\u00f1o a otro como la papa por ejemplo.<\/p>\n<p style=\"text-align: justify;\">Adem\u00e1s agreg\u00f3 que el recurso forestal, es el que mantiene la existencia de los r\u00edos y el oxigeno para la vida de las diversas especies existentes en la provincia de Chilo\u00e9, por lo que deja planteado el tema, para una mayor concientizaci\u00f3n en el cuidado que se debe tener con el medio ambiente.<\/p>\n<p style=\"text-align: justify;\">Y con respecto a la inquietud de la vecina Bernardita Caro, el jefe provincial de la Corporaci\u00f3n Nacional Forestal CONAF, Alejandro D\u00edaz, confirm\u00f3 que efectivamente hay transporte de le\u00f1a a la provincia de Llanquihue.<\/p>\n<p style=\"text-align: justify;\">Sin embargo explic\u00f3 que dicho producto es controlado por carabineros en el canal de Chacao y que este recurso forestal es destinado al consumo de le\u00f1a que requieren las familias de ciudades como Calbuco, Puerto Varas, Llanquihue y Puerto Montt.<\/p>\n<p style=\"text-align: justify;\">Alejandro D\u00edaz, agreg\u00f3 que el traslado de le\u00f1a hacia la provincia de Llanquihue, en ning\u00fan caso pone en riesgo la demanda de este producto en Chilo\u00e9, debido a que la cantidad que sale desde la provincia hacia el continente alcalde a los 20 mil metros c\u00fabicos al a\u00f1o, mientras que la comunidad chilota consume al a\u00f1o un mill\u00f3n de metros c\u00fabicos.<\/p>\n<p style=\"text-align: justify;\">El jefe provincial de CONAF, indic\u00f3 que la comunidad chilota debe estar tranquila, porque el recurso le\u00f1a no va a escasear en los pr\u00f3ximos a\u00f1os y que este recurso a seguir disponible para las familias que requieren de este producto para temperar sus hogares.<\/p>\n<p style=\"text-align: justify;\">Sin embargo a\u00f1adi\u00f3 que la preocupaci\u00f3n de la CONAF, pasa porque la le\u00f1a que se comercializa tanto en Chilo\u00e9 como fuera de la provincia, provenga de predios con planes de manejo y que ese bosque sea explotado de manera sustentable.<\/p>\n<p style=\"text-align: justify;\">Departamento de Prensa<\/p>\n","protected":false},"excerpt":{"rendered":"<p>En medio de las bajas temperaturas que afectan a la zona, la vecina castre\u00f1a, Bernardita Caro, manifest\u00f3 su inquietud, por la cantidad de camiones que est\u00e1n viajando con le\u00f1a desde Chilo\u00e9 hasta la ciudad de Puerto Montt. Indic\u00f3 que personalmente fue testigo en el canal de Chacao, ver a varios camiones transportando le\u00f1a hacia la [&hellip;]<\/p>\n","protected":false},"author":2,"featured_media":2161,"comment_status":"open","ping_status":"open","sticky":false,"template":"","format":"standard","meta":[],"categories":[3],"tags":[5],"jetpack_featured_media_url":"https:\/\/www.radiochiloe.cl\/wp-content\/uploads\/2012\/07\/fiscalizacion.jpg","_links":{"self":[{"href":"https:\/\/www.radiochiloe.cl\/index.php?rest_route=\/wp\/v2\/posts\/2160"}],"collection":[{"href":"https:\/\/www.radiochiloe.cl\/index.php?rest_route=\/wp\/v2\/posts"}],"about":[{"href":"https:\/\/www.radiochiloe.cl\/index.php?rest_route=\/wp\/v2\/types\/post"}],"author":[{"embeddable":true,"href":"https:\/\/www.radiochiloe.cl\/index.php?rest_route=\/wp\/v2\/users\/2"}],"replies":[{"embeddable":true,"href":"https:\/\/www.radiochiloe.cl\/index.php?rest_route=%2Fwp%2Fv2%2Fcomments&post=2160"}],"version-history":[{"count":2,"href":"https:\/\/www.radiochiloe.cl\/index.php?rest_route=\/wp\/v2\/posts\/2160\/revisions"}],"predecessor-version":[{"id":2163,"href":"https:\/\/www.radiochiloe.cl\/index.php?rest_route=\/wp\/v2\/posts\/2160\/revisions\/2163"}],"wp:featuredmedia":[{"embeddable":true,"href":"https:\/\/www.radiochiloe.cl\/index.php?rest_route=\/wp\/v2\/media\/2161"}],"wp:attachment":[{"href":"https:\/\/www.radiochiloe.cl\/index.php?rest_route=%2Fwp%2Fv2%2Fmedia&parent=2160"}],"wp:term":[{"taxonomy":"category","embeddable":true,"href":"https:\/\/www.radiochiloe.cl\/index.php?rest_route=%2Fwp%2Fv2%2Fcategories&post=2160"},{"taxonomy":"post_tag","embeddable":true,"href":"https:\/\/www.radiochiloe.cl\/index.php?rest_route=%2Fwp%2Fv2%2Ftags&post=2160"}],"curies":[{"name":"wp","href":"https:\/\/api.w.org\/{rel}","templated":true}]}}