{"id":2164,"date":"2012-07-09T08:00:20","date_gmt":"2012-07-09T12:00:20","guid":{"rendered":"http:\/\/www.radiochiloe.cl\/?p=2164"},"modified":"2012-07-08T22:14:35","modified_gmt":"2012-07-09T02:14:35","slug":"cesfam-castro-organiza-primer-curso-de-enfermedades-cronicas-para-atencion-primaria-de-la-comuna","status":"publish","type":"post","link":"https:\/\/www.radiochiloe.cl\/?p=2164","title":{"rendered":"Cesfam Castro organiza primer curso de enfermedades cr\u00f3nicas para atenci\u00f3n primaria de la comuna"},"content":{"rendered":"<p style=\"text-align: justify;\">El viernes 6 de julio se desarroll\u00f3 el primer curso, de enfermedades cr\u00f3nicas para atenci\u00f3n primaria de la provincia en la Casa de Retiro de Pasaje Monjitas. Esta actividad fue organizada por el Programa del Adulto del Centro de Salud Familiar de Castro y auspiciada por Laboratorio Roche, para profesionales de atenci\u00f3n primaria de salud.<\/p>\n<p style=\"text-align: justify;\">Esta capacitaci\u00f3n surge de una invitaci\u00f3n realizada por Laboratorio Roche, debido a la alta demanda de enfermedades cr\u00f3nicas no trasmisibles, como la diabetes, hipertensi\u00f3n, dislipidemia (colesterol alto) y obesidad. Se\u00f1al\u00f3 el Dr. Escalante que la finalidad de esta capacitaci\u00f3n es para que los equipos de salud, cuenten con herramientas de educaci\u00f3n, prevenci\u00f3n y recuperaci\u00f3n. La diabetes es uno de los problemas de salud p\u00fablica m\u00e1s importantes, no s\u00f3lo para el pa\u00eds, sino para la comuna. Por su parte, hay que considerar las variables que da\u00f1an el estilo de vida de las personas. Es por esto, la oferta que ofrece el Cesfam como: control cr\u00f3nico, asistencia nutricional, programas de ejercicio f\u00edsico en el contexto del modelo de salud familiar.<\/p>\n<p style=\"text-align: justify;\">Este taller, cont\u00f3 con la presencia del Dr. Bernardo L\u00f3pez Astudillo, Endocrin\u00f3logo y Diabet\u00f3logo de Valdivia y la Nutricionista Fernanda Balieiro. Entre los temas tratados: hipotiroidismo, diagn\u00f3stico y tratamiento en atenci\u00f3n primaria de salud, \u00edndice y carga glic\u00e9mica, rol en la alimentaci\u00f3n del paciente diab\u00e9tico, insulinoterapia en atenci\u00f3n primaria de salud, enfermedad renal cr\u00f3nica, diabetes mellitus 2: diagn\u00f3stico y tratamiento en atenci\u00f3n primaria de salud.<\/p>\n<p style=\"text-align: justify;\">El Dr. Bernardo L\u00f3pez, en su exposici\u00f3n, manifest\u00f3 la importancia de identificar y confirmar, la presencia y la causa de la deficiencia hormonal.<\/p>\n<p style=\"text-align: justify;\">Paulina Reinoso, Jefa del departamento de salud de la Corporaci\u00f3n Municipal de Castro, luego de dar la bienvenida, se\u00f1al\u00f3 la importancia de esta capacitaci\u00f3n para los equipos de salud de atenci\u00f3n primaria, ya que permite fortalecer conocimientos y profundizar en su trabajo.<\/p>\n<p style=\"text-align: justify;\">En la oportunidad, la jefa del departamento, dio a conocer los avances en la salud comunal, sobre la inversi\u00f3n de dos box dentales, y la remodelaci\u00f3n de las postas de Quehui y Pid-Pid. Agreg\u00f3, que para este a\u00f1o, se invertir\u00e1 alrededor de 22 millones, en capacitaci\u00f3n en, atenci\u00f3n a usuarios, en acreditaci\u00f3n de los m\u00e9dicos y en gesti\u00f3n y planificaci\u00f3n para los equipos que tienen a su cargo otros funcionarios.<\/p>\n<p style=\"text-align: justify;\">Departamento de Prensa<\/p>\n","protected":false},"excerpt":{"rendered":"<p>El viernes 6 de julio se desarroll\u00f3 el primer curso, de enfermedades cr\u00f3nicas para atenci\u00f3n primaria de la provincia en la Casa de Retiro de Pasaje Monjitas. Esta actividad fue organizada por el Programa del Adulto del Centro de Salud Familiar de Castro y auspiciada por Laboratorio Roche, para profesionales de atenci\u00f3n primaria de salud. [&hellip;]<\/p>\n","protected":false},"author":2,"featured_media":2165,"comment_status":"open","ping_status":"open","sticky":false,"template":"","format":"standard","meta":[],"categories":[3],"tags":[5],"jetpack_featured_media_url":"https:\/\/www.radiochiloe.cl\/wp-content\/uploads\/2012\/07\/curso.jpg","_links":{"self":[{"href":"https:\/\/www.radiochiloe.cl\/index.php?rest_route=\/wp\/v2\/posts\/2164"}],"collection":[{"href":"https:\/\/www.radiochiloe.cl\/index.php?rest_route=\/wp\/v2\/posts"}],"about":[{"href":"https:\/\/www.radiochiloe.cl\/index.php?rest_route=\/wp\/v2\/types\/post"}],"author":[{"embeddable":true,"href":"https:\/\/www.radiochiloe.cl\/index.php?rest_route=\/wp\/v2\/users\/2"}],"replies":[{"embeddable":true,"href":"https:\/\/www.radiochiloe.cl\/index.php?rest_route=%2Fwp%2Fv2%2Fcomments&post=2164"}],"version-history":[{"count":2,"href":"https:\/\/www.radiochiloe.cl\/index.php?rest_route=\/wp\/v2\/posts\/2164\/revisions"}],"predecessor-version":[{"id":2167,"href":"https:\/\/www.radiochiloe.cl\/index.php?rest_route=\/wp\/v2\/posts\/2164\/revisions\/2167"}],"wp:featuredmedia":[{"embeddable":true,"href":"https:\/\/www.radiochiloe.cl\/index.php?rest_route=\/wp\/v2\/media\/2165"}],"wp:attachment":[{"href":"https:\/\/www.radiochiloe.cl\/index.php?rest_route=%2Fwp%2Fv2%2Fmedia&parent=2164"}],"wp:term":[{"taxonomy":"category","embeddable":true,"href":"https:\/\/www.radiochiloe.cl\/index.php?rest_route=%2Fwp%2Fv2%2Fcategories&post=2164"},{"taxonomy":"post_tag","embeddable":true,"href":"https:\/\/www.radiochiloe.cl\/index.php?rest_route=%2Fwp%2Fv2%2Ftags&post=2164"}],"curies":[{"name":"wp","href":"https:\/\/api.w.org\/{rel}","templated":true}]}}