{"id":2168,"date":"2012-07-09T09:00:23","date_gmt":"2012-07-09T13:00:23","guid":{"rendered":"http:\/\/www.radiochiloe.cl\/?p=2168"},"modified":"2012-07-08T22:17:56","modified_gmt":"2012-07-09T02:17:56","slug":"inauguran-esperada-pavimentacion-de-calle-caupolican-en-ancud","status":"publish","type":"post","link":"https:\/\/www.radiochiloe.cl\/?p=2168","title":{"rendered":"Inauguran esperada pavimentaci\u00f3n de calle Caupolic\u00e1n en Ancud"},"content":{"rendered":"<p style=\"text-align: justify;\">M\u00e1s de medio siglo debieron esperar los vecinos del sector Caicumeo, en Ancud, luego la creaci\u00f3n de esa poblaci\u00f3n tras el terremoto y maremoto de 1960, para conseguir la pavimentaci\u00f3n de calle Caupolic\u00e1n, que este s\u00e1bado fue inaugurada.<\/p>\n<p style=\"text-align: justify;\">En 2005 los propios vecinos se organizaron para terminar con el barro y los da\u00f1os a sus ventanas, producto de las piedras impulsadas por los veh\u00edculos que recorr\u00edan la arteria.<\/p>\n<p style=\"text-align: justify;\">\u201cNo ten\u00edamos pr\u00e1cticamente nada en este calle, la que demor\u00f3 52 a\u00f1os en ser pavimentada y en ese trayecto hubo muchas cosas que hacer. Contratamos los servicios profesionales de un ingeniero civil de Valdivia para que hiciera el estudio, lo que fue pagado por nosotros en su totalidad\u201d, record\u00f3 Fernecio Bustamante, presidente del comit\u00e9 de pavimentaci\u00f3n.<\/p>\n<p style=\"text-align: justify;\">Financiado con recursos del Fondo Nacional de Desarrollo Regional, el asfalto de alrededor de 450 metros lineales, m\u00e1s la construcci\u00f3n de un muro y otras obras complementarias, tuvo un costo que super\u00f3 los 220 millones de pesos.<\/p>\n<p style=\"text-align: justify;\">\u201cEste proyecto tiene el m\u00e9rito de haber sido gestionado por la comunidad, por el comit\u00e9\u201d, valor\u00f3 el alcalde de Ancud, Federico Kruger.<\/p>\n<p style=\"text-align: justify;\">El propio edil detall\u00f3 que se est\u00e1 trabajando intensamente en una serie de faenas en el lugar.<\/p>\n<p style=\"text-align: justify;\">\u201cEstamos d\u00e1ndole un impulso importante al manejo urban\u00edstico de este sector y esto tiene el gran m\u00e9rito que muchas personas han colaborado para llevar a buen t\u00e9rmino una iniciativa como la pavimentaci\u00f3n de la calle Caupolic\u00e1n\u201d, puntualiz\u00f3.<\/p>\n<p style=\"text-align: justify;\">Departamento de Prensa<\/p>\n","protected":false},"excerpt":{"rendered":"<p>M\u00e1s de medio siglo debieron esperar los vecinos del sector Caicumeo, en Ancud, luego la creaci\u00f3n de esa poblaci\u00f3n tras el terremoto y maremoto de 1960, para conseguir la pavimentaci\u00f3n de calle Caupolic\u00e1n, que este s\u00e1bado fue inaugurada. En 2005 los propios vecinos se organizaron para terminar con el barro y los da\u00f1os a sus [&hellip;]<\/p>\n","protected":false},"author":2,"featured_media":2169,"comment_status":"open","ping_status":"open","sticky":false,"template":"","format":"standard","meta":[],"categories":[3],"tags":[5],"jetpack_featured_media_url":"https:\/\/www.radiochiloe.cl\/wp-content\/uploads\/2012\/07\/caupolican.jpg","_links":{"self":[{"href":"https:\/\/www.radiochiloe.cl\/index.php?rest_route=\/wp\/v2\/posts\/2168"}],"collection":[{"href":"https:\/\/www.radiochiloe.cl\/index.php?rest_route=\/wp\/v2\/posts"}],"about":[{"href":"https:\/\/www.radiochiloe.cl\/index.php?rest_route=\/wp\/v2\/types\/post"}],"author":[{"embeddable":true,"href":"https:\/\/www.radiochiloe.cl\/index.php?rest_route=\/wp\/v2\/users\/2"}],"replies":[{"embeddable":true,"href":"https:\/\/www.radiochiloe.cl\/index.php?rest_route=%2Fwp%2Fv2%2Fcomments&post=2168"}],"version-history":[{"count":1,"href":"https:\/\/www.radiochiloe.cl\/index.php?rest_route=\/wp\/v2\/posts\/2168\/revisions"}],"predecessor-version":[{"id":2170,"href":"https:\/\/www.radiochiloe.cl\/index.php?rest_route=\/wp\/v2\/posts\/2168\/revisions\/2170"}],"wp:featuredmedia":[{"embeddable":true,"href":"https:\/\/www.radiochiloe.cl\/index.php?rest_route=\/wp\/v2\/media\/2169"}],"wp:attachment":[{"href":"https:\/\/www.radiochiloe.cl\/index.php?rest_route=%2Fwp%2Fv2%2Fmedia&parent=2168"}],"wp:term":[{"taxonomy":"category","embeddable":true,"href":"https:\/\/www.radiochiloe.cl\/index.php?rest_route=%2Fwp%2Fv2%2Fcategories&post=2168"},{"taxonomy":"post_tag","embeddable":true,"href":"https:\/\/www.radiochiloe.cl\/index.php?rest_route=%2Fwp%2Fv2%2Ftags&post=2168"}],"curies":[{"name":"wp","href":"https:\/\/api.w.org\/{rel}","templated":true}]}}