{"id":2183,"date":"2012-07-10T08:00:08","date_gmt":"2012-07-10T12:00:08","guid":{"rendered":"http:\/\/www.radiochiloe.cl\/?p=2183"},"modified":"2012-07-09T21:35:30","modified_gmt":"2012-07-10T01:35:30","slug":"se-recuperan-satisfactoriamente-los-dos-hermanos-que-sufrieron-lamentable-accidente-en-pid-pid","status":"publish","type":"post","link":"https:\/\/www.radiochiloe.cl\/?p=2183","title":{"rendered":"Se recuperan satisfactoriamente los dos hermanos que sufrieron lamentable accidente en Pid-Pid"},"content":{"rendered":"<p style=\"text-align: justify;\">Hoy martes podr\u00eda ser trasladado hasta el hospital de Castro, el menor de 2 a\u00f1os dos meses, que result\u00f3 con lesiones de cierta gravedad, tras un accidente de transito registrado el 23 de Junio en el sector de Pid-Pid, donde fallecieron sus padres y su abuelo materno.<\/p>\n<p style=\"text-align: justify;\">Seg\u00fan lo informado por el hermano del menor, Rafael Colivoro, de acuerdo a la evoluci\u00f3n que ha experimentado durante el transcurso de estos d\u00edas en el hospital base de Puerto Montt, los m\u00e9dicos le habr\u00edan informado que se est\u00e1 evaluando su traslado al hospital de Castro, para estar m\u00e1s cerca de sus familiares, lo que podr\u00eda significar que su recuperaci\u00f3n sea m\u00e1s r\u00e1pida.<\/p>\n<p style=\"text-align: justify;\">El joven de 19 a\u00f1os, indic\u00f3 que su hermano menor desde el fin de semana ha comenzado ha alimentarse en forma normal, tanto con mamaderas como con papillas, mientras que los \u00faltimos ex\u00e1menes han resultado muy buenos, lo que ha dejado con m\u00e1s conformidad a sus familiares.<\/p>\n<p style=\"text-align: justify;\">Rafael Colivoro, agreg\u00f3 que durante el fin de semana, su hermana de 9 a\u00f1os, quien tambi\u00e9n result\u00f3 con lesiones de gravedad en el accidente, fue trasladada desde Temuco al hospital de Castro, tambi\u00e9n para ser acompa\u00f1ada por sus familiares m\u00e1s cercanos en su periodo de recuperaci\u00f3n.<\/p>\n<p style=\"text-align: justify;\">Indic\u00f3 que su hermana tambi\u00e9n ha presentado una evoluci\u00f3n muy positiva en los \u00faltimos d\u00edas y ya no necesita equipos m\u00e9dicos para reestablecer sus condiciones de salud, agregando que solo el estado de shock del accidente, lo sigue afectando en su proceso de recuperaci\u00f3n.<\/p>\n<p style=\"text-align: justify;\">Sin embargo por estar en Castro y acompa\u00f1ada de sus familiares, se prev\u00e9 que su recuperaci\u00f3n pueda evolucionar en forma r\u00e1pida, debido que cuando se encontraba internada en Temuco, no ten\u00eda la visita de sus parientes.<\/p>\n<p style=\"text-align: justify;\">Cabe recordar que a trav\u00e9s de Radio Chilo\u00e9 y con el objeto de ir en ayuda de estos 4 hermanos que han perdido a sus padres, se est\u00e1 solicitando a la comunidad pa\u00f1ales XG o XXG para el menor de 2 y dos meses o dinero para adquirir este producto, los que pueden hacerse llegar a la secretaria de esta emisora.<\/p>\n<p style=\"text-align: justify;\">Departamento de Prensa<\/p>\n","protected":false},"excerpt":{"rendered":"<p>Hoy martes podr\u00eda ser trasladado hasta el hospital de Castro, el menor de 2 a\u00f1os dos meses, que result\u00f3 con lesiones de cierta gravedad, tras un accidente de transito registrado el 23 de Junio en el sector de Pid-Pid, donde fallecieron sus padres y su abuelo materno. Seg\u00fan lo informado por el hermano del menor, [&hellip;]<\/p>\n","protected":false},"author":2,"featured_media":2184,"comment_status":"open","ping_status":"open","sticky":false,"template":"","format":"standard","meta":[],"categories":[3],"tags":[5],"jetpack_featured_media_url":"https:\/\/www.radiochiloe.cl\/wp-content\/uploads\/2012\/07\/archivo.jpg","_links":{"self":[{"href":"https:\/\/www.radiochiloe.cl\/index.php?rest_route=\/wp\/v2\/posts\/2183"}],"collection":[{"href":"https:\/\/www.radiochiloe.cl\/index.php?rest_route=\/wp\/v2\/posts"}],"about":[{"href":"https:\/\/www.radiochiloe.cl\/index.php?rest_route=\/wp\/v2\/types\/post"}],"author":[{"embeddable":true,"href":"https:\/\/www.radiochiloe.cl\/index.php?rest_route=\/wp\/v2\/users\/2"}],"replies":[{"embeddable":true,"href":"https:\/\/www.radiochiloe.cl\/index.php?rest_route=%2Fwp%2Fv2%2Fcomments&post=2183"}],"version-history":[{"count":1,"href":"https:\/\/www.radiochiloe.cl\/index.php?rest_route=\/wp\/v2\/posts\/2183\/revisions"}],"predecessor-version":[{"id":2185,"href":"https:\/\/www.radiochiloe.cl\/index.php?rest_route=\/wp\/v2\/posts\/2183\/revisions\/2185"}],"wp:featuredmedia":[{"embeddable":true,"href":"https:\/\/www.radiochiloe.cl\/index.php?rest_route=\/wp\/v2\/media\/2184"}],"wp:attachment":[{"href":"https:\/\/www.radiochiloe.cl\/index.php?rest_route=%2Fwp%2Fv2%2Fmedia&parent=2183"}],"wp:term":[{"taxonomy":"category","embeddable":true,"href":"https:\/\/www.radiochiloe.cl\/index.php?rest_route=%2Fwp%2Fv2%2Fcategories&post=2183"},{"taxonomy":"post_tag","embeddable":true,"href":"https:\/\/www.radiochiloe.cl\/index.php?rest_route=%2Fwp%2Fv2%2Ftags&post=2183"}],"curies":[{"name":"wp","href":"https:\/\/api.w.org\/{rel}","templated":true}]}}