{"id":2186,"date":"2012-07-10T09:16:36","date_gmt":"2012-07-10T13:16:36","guid":{"rendered":"http:\/\/www.radiochiloe.cl\/?p=2186"},"modified":"2012-07-10T09:16:36","modified_gmt":"2012-07-10T13:16:36","slug":"pescadores-de-la-comuna-de-quellon-se-tomaron-esta-madrugada-rampa-artesanal","status":"publish","type":"post","link":"https:\/\/www.radiochiloe.cl\/?p=2186","title":{"rendered":"Pescadores de la comuna de Quell\u00f3n se tomaron esta madrugada rampa artesanal"},"content":{"rendered":"<p style=\"text-align: justify;\">Esta informaci\u00f3n fue confirmada esta ma\u00f1ana por el Capit\u00e1n de Carabineros de la comuna de Quell\u00f3n, Carlos Hern\u00e1ndez quien manifest\u00f3 que efectivamente a las 12:45 de esta madrugada cerca de 50 pescadores se tomo la rampa en forma pac\u00edfica \u201cnosotros fuimos informados a cerca de esta situaci\u00f3n y solo tomamos medidas preventivas en el sector, porque los pescadores hasta el minuto se manifiestan de manera pac\u00edfica, pero quemando una gran cantidad de neum\u00e1ticos. Nos mantendremos alertas si la situaci\u00f3n cambia en el transcurso de la ma\u00f1ana\u201d expres\u00f3.<\/p>\n<p style=\"text-align: justify;\">El oficial a cargo de la subcomisar\u00eda de Quell\u00f3n agreg\u00f3 que solo se trabaja con el contingente habitual que posee Carabineros en la ciudad y no es efectivo que las Fuerzas Especiales hayan arribado durante la madrugada \u201cno ha llegado m\u00e1s contingente, permanecemos con el mismo personal, el aumento se puede producir si la situaci\u00f3n lo amerita. Nosotros estamos alertas ante cualquier circunstancia y en constante comunicaci\u00f3n con los dirigentes\u201d puntualiz\u00f3.<\/p>\n<p style=\"text-align: justify;\">Cabe mencionar que se espera que dentro de breves minutos m\u00e1s se establezca una reuni\u00f3n en el sindicato de pescadores para decidir las futuras acciones, porque ayer incluso el dirigente H\u00e9ctor Morales sostuvo que el movimiento estaba dividido \u201chay dirigentes que est\u00e1n en contra y otros a favor de las manifestaciones. Esperaremos cual ser\u00e1 el pronunciamiento oficial\u201d se\u00f1al\u00f3.<\/p>\n<p style=\"text-align: justify;\">Por \u00faltimo a trav\u00e9s de las redes sociales se ha informado que en la provincia de Chilo\u00e9 la ruta 5 esta expedita y sin mayores inconvenientes a excepci\u00f3n de la cuesta Butalcura que permanece regulada por Carabineros por la presencia de escarcha.<\/p>\n<p style=\"text-align: justify;\">Departamento de Prensa<\/p>\n","protected":false},"excerpt":{"rendered":"<p>Esta informaci\u00f3n fue confirmada esta ma\u00f1ana por el Capit\u00e1n de Carabineros de la comuna de Quell\u00f3n, Carlos Hern\u00e1ndez quien manifest\u00f3 que efectivamente a las 12:45 de esta madrugada cerca de 50 pescadores se tomo la rampa en forma pac\u00edfica \u201cnosotros fuimos informados a cerca de esta situaci\u00f3n y solo tomamos medidas preventivas en el sector, [&hellip;]<\/p>\n","protected":false},"author":2,"featured_media":2187,"comment_status":"open","ping_status":"open","sticky":false,"template":"","format":"standard","meta":[],"categories":[3],"tags":[5],"jetpack_featured_media_url":"https:\/\/www.radiochiloe.cl\/wp-content\/uploads\/2012\/07\/pescadores.jpg","_links":{"self":[{"href":"https:\/\/www.radiochiloe.cl\/index.php?rest_route=\/wp\/v2\/posts\/2186"}],"collection":[{"href":"https:\/\/www.radiochiloe.cl\/index.php?rest_route=\/wp\/v2\/posts"}],"about":[{"href":"https:\/\/www.radiochiloe.cl\/index.php?rest_route=\/wp\/v2\/types\/post"}],"author":[{"embeddable":true,"href":"https:\/\/www.radiochiloe.cl\/index.php?rest_route=\/wp\/v2\/users\/2"}],"replies":[{"embeddable":true,"href":"https:\/\/www.radiochiloe.cl\/index.php?rest_route=%2Fwp%2Fv2%2Fcomments&post=2186"}],"version-history":[{"count":2,"href":"https:\/\/www.radiochiloe.cl\/index.php?rest_route=\/wp\/v2\/posts\/2186\/revisions"}],"predecessor-version":[{"id":2189,"href":"https:\/\/www.radiochiloe.cl\/index.php?rest_route=\/wp\/v2\/posts\/2186\/revisions\/2189"}],"wp:featuredmedia":[{"embeddable":true,"href":"https:\/\/www.radiochiloe.cl\/index.php?rest_route=\/wp\/v2\/media\/2187"}],"wp:attachment":[{"href":"https:\/\/www.radiochiloe.cl\/index.php?rest_route=%2Fwp%2Fv2%2Fmedia&parent=2186"}],"wp:term":[{"taxonomy":"category","embeddable":true,"href":"https:\/\/www.radiochiloe.cl\/index.php?rest_route=%2Fwp%2Fv2%2Fcategories&post=2186"},{"taxonomy":"post_tag","embeddable":true,"href":"https:\/\/www.radiochiloe.cl\/index.php?rest_route=%2Fwp%2Fv2%2Ftags&post=2186"}],"curies":[{"name":"wp","href":"https:\/\/api.w.org\/{rel}","templated":true}]}}