{"id":2203,"date":"2012-07-10T15:41:09","date_gmt":"2012-07-10T19:41:09","guid":{"rendered":"http:\/\/www.radiochiloe.cl\/?p=2203"},"modified":"2012-07-10T15:41:09","modified_gmt":"2012-07-10T19:41:09","slug":"pescadores-depusieron-el-paro-por-acuerdo-nacional","status":"publish","type":"post","link":"https:\/\/www.radiochiloe.cl\/?p=2203","title":{"rendered":"Pescadores depusieron el paro por acuerdo nacional"},"content":{"rendered":"<p style=\"text-align: justify;\">Luego de varias horas de toma de la ruta 5 sur, tanto en Ancud como en Mocopulli y Quell\u00f3n, los cientos de pescadores depusieron el paro por un acuerdo entre los dirigentes nacionales de la pesca artesanal y las autoridades de turno, que llamaron al dialogo para conocer las demandas de fondo y ver la posibilidad de retirar la ley de pesca del Congreso para examinarla de mejor manera.<\/p>\n<p style=\"text-align: justify;\">Sergio Mayorga presidente del sindicato N\u00ba 1 de la comuna de Dalcahue expres\u00f3 que esta vez prim\u00f3 el dialogo ante la confrontaci\u00f3n con las fuerzas especiales de Carabineros \u201cnuestro presidente a nivel nacional nos comunic\u00f3 v\u00eda telef\u00f3nica sobre las conversaciones sostenidas con el gobierno, as\u00ed que depusimos de inmediato esta toma, pero no descartamos nuevas movilizaciones si esta mesa de dialogo con el mismo Ministro Longueira no llega a buen puerto\u201d se\u00f1al\u00f3.<\/p>\n<p style=\"text-align: justify;\">El dirigente agreg\u00f3 que en t\u00e9rminos generales esta ley de pesca tiene muchos vac\u00edos que solo le dan ventaja a los pescadores industriales y dejan en absoluto desmedro a la pesca artesanal \u201cla avaricia de los industriales, amparado por algunas autoridades no oblig\u00f3 a tomarnos las carreteras, pero ahora esperemos que de las futuras conversaciones se saque algo positivo. Ahora solo me queda pedirle a la comunidad de Chilo\u00e9 que nos disculpe, porque solo de esta manera podemos conseguir algo\u201d sostuvo.<\/p>\n<p style=\"text-align: justify;\">Por otro lado el mayor de Carabineros, Juan Mu\u00f1oz se\u00f1al\u00f3 que en este momento todas las rutas est\u00e1n absolutamente despejadas gracias al dialogo establecido entre los pescadores y las autoridades \u201cnosotros permanecimos en todo minuto en alerta, nuestros superiores fueron los que constantemente se acercaron a los dirigentes y prim\u00f3 el dialogo ante la confrontaci\u00f3n. Obtuvimos refuerzos de Puerto Montt pero no fue necesario la utilizaci\u00f3n de los elementos disuasivos\u201d expres\u00f3.<\/p>\n<p style=\"text-align: justify;\">Cabe mencionar que luego de la tranquila salida del sector de Mocopulli de parte de los pescadores, las fuerzas especiales de Carabineros despej\u00f3 la ruta, la que qued\u00f3 absolutamente habilitada para los conductores que viajan de norte a sur y viceversa.<\/p>\n<p style=\"text-align: justify;\">Departamento de Prensa<\/p>\n","protected":false},"excerpt":{"rendered":"<p>Luego de varias horas de toma de la ruta 5 sur, tanto en Ancud como en Mocopulli y Quell\u00f3n, los cientos de pescadores depusieron el paro por un acuerdo entre los dirigentes nacionales de la pesca artesanal y las autoridades de turno, que llamaron al dialogo para conocer las demandas de fondo y ver la [&hellip;]<\/p>\n","protected":false},"author":2,"featured_media":2204,"comment_status":"open","ping_status":"open","sticky":false,"template":"","format":"standard","meta":[],"categories":[3],"tags":[5],"jetpack_featured_media_url":"https:\/\/www.radiochiloe.cl\/wp-content\/uploads\/2012\/07\/paro.jpg","_links":{"self":[{"href":"https:\/\/www.radiochiloe.cl\/index.php?rest_route=\/wp\/v2\/posts\/2203"}],"collection":[{"href":"https:\/\/www.radiochiloe.cl\/index.php?rest_route=\/wp\/v2\/posts"}],"about":[{"href":"https:\/\/www.radiochiloe.cl\/index.php?rest_route=\/wp\/v2\/types\/post"}],"author":[{"embeddable":true,"href":"https:\/\/www.radiochiloe.cl\/index.php?rest_route=\/wp\/v2\/users\/2"}],"replies":[{"embeddable":true,"href":"https:\/\/www.radiochiloe.cl\/index.php?rest_route=%2Fwp%2Fv2%2Fcomments&post=2203"}],"version-history":[{"count":4,"href":"https:\/\/www.radiochiloe.cl\/index.php?rest_route=\/wp\/v2\/posts\/2203\/revisions"}],"predecessor-version":[{"id":2208,"href":"https:\/\/www.radiochiloe.cl\/index.php?rest_route=\/wp\/v2\/posts\/2203\/revisions\/2208"}],"wp:featuredmedia":[{"embeddable":true,"href":"https:\/\/www.radiochiloe.cl\/index.php?rest_route=\/wp\/v2\/media\/2204"}],"wp:attachment":[{"href":"https:\/\/www.radiochiloe.cl\/index.php?rest_route=%2Fwp%2Fv2%2Fmedia&parent=2203"}],"wp:term":[{"taxonomy":"category","embeddable":true,"href":"https:\/\/www.radiochiloe.cl\/index.php?rest_route=%2Fwp%2Fv2%2Fcategories&post=2203"},{"taxonomy":"post_tag","embeddable":true,"href":"https:\/\/www.radiochiloe.cl\/index.php?rest_route=%2Fwp%2Fv2%2Ftags&post=2203"}],"curies":[{"name":"wp","href":"https:\/\/api.w.org\/{rel}","templated":true}]}}