{"id":2217,"date":"2012-07-11T11:51:22","date_gmt":"2012-07-11T15:51:22","guid":{"rendered":"http:\/\/www.radiochiloe.cl\/?p=2217"},"modified":"2012-07-11T11:51:23","modified_gmt":"2012-07-11T15:51:23","slug":"diputado-jose-antonio-kast-destaco-el-liderazgo-de-juan-eduardo-vera-en-las-proximas-elecciones-municipales","status":"publish","type":"post","link":"https:\/\/www.radiochiloe.cl\/?p=2217","title":{"rendered":"Diputado Jos\u00e9 Antonio Kast destac\u00f3 el liderazgo de Juan Eduardo Vera en las pr\u00f3ximas elecciones municipales"},"content":{"rendered":"<p style=\"text-align: justify;\">Reconociendo que la UDI, en la comuna de Castro, tambi\u00e9n ten\u00eda el leg\u00edtimo derecho a llevar candidato a Alcalde, el diputado y secretario general de la UDI Jos\u00e9 Antonio Kast reconoci\u00f3 que el concejal Juan Eduardo Vera era el candidato quien, seg\u00fan el l\u00edder gremialista, ejerce un liderazgo muy potente en la comuna del r\u00edo Gamboa.<\/p>\n<p style=\"text-align: justify;\">Reiter\u00f3 Kast que la UDI en Castro tambi\u00e9n ten\u00eda el derecho de llevar candidato a alcalde, pero que Juan Eduardo Vera desisti\u00f3 de esa posibilidad leg\u00edtima y le dio el pase al militante de RN Fernando B\u00f3rquez.<\/p>\n<p style=\"text-align: justify;\">\u201cFernando B\u00f3rquez es tambi\u00e9n el candidato de la Alianza, porque lo que hemos acordado con Renovaci\u00f3n Nacional a lo largo de todo Chile es que, juntos, debemos trabajar porque nuestras ideas, de la libertad, las ideas con coherencia sean las que rijan los destinos de las diferentes ciudades de nuestro pa\u00eds\u201d, especific\u00f3 el parlamentario.<\/p>\n<p style=\"text-align: justify;\">A\u00f1adi\u00f3 m\u00e1s adelante que estaba seguro que B\u00f3rquez en Castro ser\u00e1 un gran alcalde, \u201cestoy seguro que con el apoyo, con el liderazgo que tiene Juan Eduardo Vera, lograr\u00e1 llegar a la meta y hacer que Castro sea una de esas ciudades que hemos planteado en nuestro slogan \u201cUn Chile Nuevo\u201d, ese Chile en el cual queremos que a todos los ciudadanos les llegue, que haya mejor calidad en la educaci\u00f3n, que exista una mayor seguridad para las personas, que tengamos una mejor atenci\u00f3n en salud y que todas las cosas que el gobierno ha ido desarrollando que lleguen a todo Chile\u201d, concluy\u00f3 Jos\u00e9 Antonio Kast.<\/p>\n<p style=\"text-align: justify;\">Departamento de Prensa<\/p>\n","protected":false},"excerpt":{"rendered":"<p>Reconociendo que la UDI, en la comuna de Castro, tambi\u00e9n ten\u00eda el leg\u00edtimo derecho a llevar candidato a Alcalde, el diputado y secretario general de la UDI Jos\u00e9 Antonio Kast reconoci\u00f3 que el concejal Juan Eduardo Vera era el candidato quien, seg\u00fan el l\u00edder gremialista, ejerce un liderazgo muy potente en la comuna del r\u00edo [&hellip;]<\/p>\n","protected":false},"author":2,"featured_media":2218,"comment_status":"open","ping_status":"open","sticky":false,"template":"","format":"standard","meta":[],"categories":[3],"tags":[5],"jetpack_featured_media_url":"https:\/\/www.radiochiloe.cl\/wp-content\/uploads\/2012\/07\/veraykast.jpg","_links":{"self":[{"href":"https:\/\/www.radiochiloe.cl\/index.php?rest_route=\/wp\/v2\/posts\/2217"}],"collection":[{"href":"https:\/\/www.radiochiloe.cl\/index.php?rest_route=\/wp\/v2\/posts"}],"about":[{"href":"https:\/\/www.radiochiloe.cl\/index.php?rest_route=\/wp\/v2\/types\/post"}],"author":[{"embeddable":true,"href":"https:\/\/www.radiochiloe.cl\/index.php?rest_route=\/wp\/v2\/users\/2"}],"replies":[{"embeddable":true,"href":"https:\/\/www.radiochiloe.cl\/index.php?rest_route=%2Fwp%2Fv2%2Fcomments&post=2217"}],"version-history":[{"count":2,"href":"https:\/\/www.radiochiloe.cl\/index.php?rest_route=\/wp\/v2\/posts\/2217\/revisions"}],"predecessor-version":[{"id":2220,"href":"https:\/\/www.radiochiloe.cl\/index.php?rest_route=\/wp\/v2\/posts\/2217\/revisions\/2220"}],"wp:featuredmedia":[{"embeddable":true,"href":"https:\/\/www.radiochiloe.cl\/index.php?rest_route=\/wp\/v2\/media\/2218"}],"wp:attachment":[{"href":"https:\/\/www.radiochiloe.cl\/index.php?rest_route=%2Fwp%2Fv2%2Fmedia&parent=2217"}],"wp:term":[{"taxonomy":"category","embeddable":true,"href":"https:\/\/www.radiochiloe.cl\/index.php?rest_route=%2Fwp%2Fv2%2Fcategories&post=2217"},{"taxonomy":"post_tag","embeddable":true,"href":"https:\/\/www.radiochiloe.cl\/index.php?rest_route=%2Fwp%2Fv2%2Ftags&post=2217"}],"curies":[{"name":"wp","href":"https:\/\/api.w.org\/{rel}","templated":true}]}}