{"id":2221,"date":"2012-07-11T14:16:14","date_gmt":"2012-07-11T18:16:14","guid":{"rendered":"http:\/\/www.radiochiloe.cl\/?p=2221"},"modified":"2012-07-11T14:16:14","modified_gmt":"2012-07-11T18:16:14","slug":"empresa-pasmar-aun-no-ingresa-documentacion-necesaria-para-retomar-obras-en-el-mall","status":"publish","type":"post","link":"https:\/\/www.radiochiloe.cl\/?p=2221","title":{"rendered":"Empresa Pasmar aun no ingresa documentaci\u00f3n necesaria para retomar obras en el mall"},"content":{"rendered":"<p style=\"text-align: justify;\">Ante el Concejo Municipal de la comuna de Castro, el d\u00eda de ayer, la directora del departamento de obras Mar\u00eda Luisa Cifuentes expuso los alcances de la reanudaci\u00f3n de las obras del mall, luego que se conociera el resultado positivo que experiment\u00f3 el Estudio de Impacto al Sistema de Transporte Urbano, EISTU para las obras del mall.<\/p>\n<p style=\"text-align: justify;\">Mar\u00eda Luisa Cifuentes explic\u00f3 que ahora todo depende de la empresa Pasmar, la que todav\u00eda no presenta la resoluci\u00f3n final, para que el departamento de obras pueda entregar la autorizaci\u00f3n correspondiente, lo que generar\u00eda la reanudaci\u00f3n de las obras del mall de Castro que se mantuvieron por cerca de 4 meses paralizada.<\/p>\n<p style=\"text-align: justify;\">\u201cFalta que la empresa entregue al departamento de obras la documentaci\u00f3n, que tendr\u00e1 un an\u00e1lisis previo obviamente, para que se retomen las obras del mall, pero la empresa todav\u00eda no realiza este tr\u00e1mite\u201d sostuvo<\/p>\n<p style=\"text-align: justify;\">La funcionaria del municipio castre\u00f1o agreg\u00f3 que si la empresa entrega dentro de esta semana los antecedentes al departamento de obras, acortara los plazos para una pronta aprobaci\u00f3n del reinicio de las obras, para no seguir perjudicando esta inversi\u00f3n privada.<\/p>\n<p style=\"text-align: justify;\">\u201cLa revisi\u00f3n final tiene un plazo de 15 d\u00edas, pero debido a todo lo que genera el tema del mall esperamos tener la aprobaci\u00f3n lo m\u00e1s pronto posible. Adem\u00e1s, seg\u00fan la informaci\u00f3n que manejamos, la empresa ya adquiri\u00f3 algunos inmuebles en calle San Mart\u00edn lo que nos da ha entender que siguen planificando la segunda etapa de este proyecto, pero hasta el momento son solo especulaciones\u201d explic\u00f3.<\/p>\n<p style=\"text-align: justify;\">Cabe mencionar que durante el Concejo Municipal, que se plasm\u00f3 ayer en la sala de sesiones, todos los concejales que asistieron a la reuni\u00f3n ordinaria preguntaron cual es el motivo del atraso para retomar las obras, a lo que la misma directora de obras respondi\u00f3 que solo depende de la empresa, porque no se ha realizado el tr\u00e1mite correspondiente.<\/p>\n<p style=\"text-align: justify;\">Departamento de Prensa<\/p>\n","protected":false},"excerpt":{"rendered":"<p>Ante el Concejo Municipal de la comuna de Castro, el d\u00eda de ayer, la directora del departamento de obras Mar\u00eda Luisa Cifuentes expuso los alcances de la reanudaci\u00f3n de las obras del mall, luego que se conociera el resultado positivo que experiment\u00f3 el Estudio de Impacto al Sistema de Transporte Urbano, EISTU para las obras [&hellip;]<\/p>\n","protected":false},"author":2,"featured_media":2222,"comment_status":"open","ping_status":"open","sticky":false,"template":"","format":"standard","meta":[],"categories":[3],"tags":[5],"jetpack_featured_media_url":"https:\/\/www.radiochiloe.cl\/wp-content\/uploads\/2012\/07\/mall-2.jpg","_links":{"self":[{"href":"https:\/\/www.radiochiloe.cl\/index.php?rest_route=\/wp\/v2\/posts\/2221"}],"collection":[{"href":"https:\/\/www.radiochiloe.cl\/index.php?rest_route=\/wp\/v2\/posts"}],"about":[{"href":"https:\/\/www.radiochiloe.cl\/index.php?rest_route=\/wp\/v2\/types\/post"}],"author":[{"embeddable":true,"href":"https:\/\/www.radiochiloe.cl\/index.php?rest_route=\/wp\/v2\/users\/2"}],"replies":[{"embeddable":true,"href":"https:\/\/www.radiochiloe.cl\/index.php?rest_route=%2Fwp%2Fv2%2Fcomments&post=2221"}],"version-history":[{"count":2,"href":"https:\/\/www.radiochiloe.cl\/index.php?rest_route=\/wp\/v2\/posts\/2221\/revisions"}],"predecessor-version":[{"id":2224,"href":"https:\/\/www.radiochiloe.cl\/index.php?rest_route=\/wp\/v2\/posts\/2221\/revisions\/2224"}],"wp:featuredmedia":[{"embeddable":true,"href":"https:\/\/www.radiochiloe.cl\/index.php?rest_route=\/wp\/v2\/media\/2222"}],"wp:attachment":[{"href":"https:\/\/www.radiochiloe.cl\/index.php?rest_route=%2Fwp%2Fv2%2Fmedia&parent=2221"}],"wp:term":[{"taxonomy":"category","embeddable":true,"href":"https:\/\/www.radiochiloe.cl\/index.php?rest_route=%2Fwp%2Fv2%2Fcategories&post=2221"},{"taxonomy":"post_tag","embeddable":true,"href":"https:\/\/www.radiochiloe.cl\/index.php?rest_route=%2Fwp%2Fv2%2Ftags&post=2221"}],"curies":[{"name":"wp","href":"https:\/\/api.w.org\/{rel}","templated":true}]}}