{"id":2225,"date":"2012-07-11T14:51:37","date_gmt":"2012-07-11T18:51:37","guid":{"rendered":"http:\/\/www.radiochiloe.cl\/?p=2225"},"modified":"2012-07-11T14:51:37","modified_gmt":"2012-07-11T18:51:37","slug":"avanza-proyecto-de-los-estacionamiento-subterraneos-en-castro","status":"publish","type":"post","link":"https:\/\/www.radiochiloe.cl\/?p=2225","title":{"rendered":"Avanza proyecto de los Estacionamiento Subterr\u00e1neos en Castro"},"content":{"rendered":"<p style=\"text-align: justify;\">Este proyecto, uno de los m\u00e1s emblem\u00e1ticos para la comuna de Castro, presenta un grado de avance significativo, ya que hace unas semanas atr\u00e1s cuatro empresas, tanto nacionales como internacionales, se juntaron en una reuni\u00f3n t\u00e9cnica con funcionarios del Secplac para analizar algunos aspectos generales de esta potente iniciativa.<\/p>\n<p style=\"text-align: justify;\">Carmen Gloria Mu\u00f1oz directora de la oficina del Secplac explic\u00f3 que todo marcha seg\u00fan lo presupuestado y que los plazos se est\u00e1n cumpliendo de acuerdo al diagrama que la misma oficina dise\u00f1\u00f3 luego de la aprobaci\u00f3n de las bases por parte del Concejo Municipal.<\/p>\n<p style=\"text-align: justify;\">\u201cLa verdad es que hace unas semanas atr\u00e1s se public\u00f3 las bases de licitaci\u00f3n, por eso cuatro empresas se presentaron a la reuni\u00f3n t\u00e9cnica donde mostraron su real inter\u00e9s por este proyecto, tomando que el 17 de agosto pr\u00f3ximo se cierra el proceso de licitaci\u00f3n\u201d expres\u00f3.<\/p>\n<p style=\"text-align: justify;\">La funcionaria de este departamento municipal agreg\u00f3 que las principales inquietudes que presentaron las empresas tiene que ver con la zona de amortiguaci\u00f3n y explic\u00f3 que para la materializaci\u00f3n, una vez conocido cual es el oferente que se adjudique la obra, se tiene que esperar un plazo de a lo menos 4 a\u00f1os para ver el funcionamiento total de los estacionamientos subterr\u00e1neos.<\/p>\n<p style=\"text-align: justify;\">\u201cAnexo a las bases de licitaci\u00f3n le entregamos, a las empresas, la informaci\u00f3n correspondiente a la zona de amortiguaci\u00f3n que en este caso es la Plaza de Armas y les qued\u00f3 claro las reglas del juego, porque son ellos finalmente los que tienen que determinar como materializar el proyecto en un sitio que sea bien nacional de uso p\u00fablico, pero adem\u00e1s, seg\u00fan lo que indica la licitaci\u00f3n, es que hay un plazo de hasta tres a\u00f1os para comenzar la construcci\u00f3n\u201d se\u00f1al\u00f3.<\/p>\n<p style=\"text-align: justify;\">Carmen Gloria Mu\u00f1oz dijo que una vez concluida esta etapa de licitaci\u00f3n, el Secplac tiene como fecha de an\u00e1lisis de toda la documentaci\u00f3n para fines de agosto y ha principios de septiembre estar\u00eda listo la adjudicaci\u00f3n.<\/p>\n<p style=\"text-align: justify;\">Con respecto a este mismo tema el Concejal Juan Eduardo Vera, el impulsor de este proyecto, se\u00f1al\u00f3 su satisfacci\u00f3n por los avances que experimenta la materializaci\u00f3n de una de las obras m\u00e1s importantes para la capital provincial, que sin lugar a dudas ayudara a descongestionar el centro de la ciudad de Castro.<\/p>\n<p style=\"text-align: justify;\">\u201cEstoy muy contento porque ya hay un inter\u00e9s acentuado de cuatro consorcios lo que nos indica que no nos equivocamos cuando hace 6 a\u00f1os atr\u00e1s en mi calidad de concejal presente este proyecto que hoy avanza significativamente\u201d dijo el edil.<\/p>\n<p style=\"text-align: justify;\">El concejal de la comuna de Castro adelant\u00f3 los nombres de dos, de las cuatro empresas interesadas en materializar el proyecto de los estacionamientos subterr\u00e1neos y adem\u00e1s se\u00f1al\u00f3 que esta inversi\u00f3n podr\u00eda alcanzar la suma de 12 millones de d\u00f3lares \u201csabemos que la actual concesionaria de parqu\u00edmetros es una de las interesadas y la otras es SABA, empresa de car\u00e1cter internacional, pero m\u00e1s all\u00e1 de esto, creo que la inversi\u00f3n a la que nos enfrenamos ser\u00e1, sin lugar a dudas, un beneficio para todos los habitantes de la comuna de Castro\u201d expres\u00f3.<\/p>\n<p style=\"text-align: justify;\">Por \u00faltimo el concejal Juan Eduardo Vera dijo que el proyecto ya recibi\u00f3 algunos alcances de parte de las empresas interesadas que ser\u00e1n analizadas por el Secplac municipal, pero en nada cambian un proyecto potente y realmente importante para Castro.<\/p>\n<p style=\"text-align: justify;\">Departamento de Prensa<\/p>\n","protected":false},"excerpt":{"rendered":"<p>Este proyecto, uno de los m\u00e1s emblem\u00e1ticos para la comuna de Castro, presenta un grado de avance significativo, ya que hace unas semanas atr\u00e1s cuatro empresas, tanto nacionales como internacionales, se juntaron en una reuni\u00f3n t\u00e9cnica con funcionarios del Secplac para analizar algunos aspectos generales de esta potente iniciativa. Carmen Gloria Mu\u00f1oz directora de la [&hellip;]<\/p>\n","protected":false},"author":2,"featured_media":2226,"comment_status":"open","ping_status":"open","sticky":false,"template":"","format":"standard","meta":[],"categories":[3],"tags":[5],"jetpack_featured_media_url":"https:\/\/www.radiochiloe.cl\/wp-content\/uploads\/2012\/07\/estacionamientos.jpg","_links":{"self":[{"href":"https:\/\/www.radiochiloe.cl\/index.php?rest_route=\/wp\/v2\/posts\/2225"}],"collection":[{"href":"https:\/\/www.radiochiloe.cl\/index.php?rest_route=\/wp\/v2\/posts"}],"about":[{"href":"https:\/\/www.radiochiloe.cl\/index.php?rest_route=\/wp\/v2\/types\/post"}],"author":[{"embeddable":true,"href":"https:\/\/www.radiochiloe.cl\/index.php?rest_route=\/wp\/v2\/users\/2"}],"replies":[{"embeddable":true,"href":"https:\/\/www.radiochiloe.cl\/index.php?rest_route=%2Fwp%2Fv2%2Fcomments&post=2225"}],"version-history":[{"count":2,"href":"https:\/\/www.radiochiloe.cl\/index.php?rest_route=\/wp\/v2\/posts\/2225\/revisions"}],"predecessor-version":[{"id":2228,"href":"https:\/\/www.radiochiloe.cl\/index.php?rest_route=\/wp\/v2\/posts\/2225\/revisions\/2228"}],"wp:featuredmedia":[{"embeddable":true,"href":"https:\/\/www.radiochiloe.cl\/index.php?rest_route=\/wp\/v2\/media\/2226"}],"wp:attachment":[{"href":"https:\/\/www.radiochiloe.cl\/index.php?rest_route=%2Fwp%2Fv2%2Fmedia&parent=2225"}],"wp:term":[{"taxonomy":"category","embeddable":true,"href":"https:\/\/www.radiochiloe.cl\/index.php?rest_route=%2Fwp%2Fv2%2Fcategories&post=2225"},{"taxonomy":"post_tag","embeddable":true,"href":"https:\/\/www.radiochiloe.cl\/index.php?rest_route=%2Fwp%2Fv2%2Ftags&post=2225"}],"curies":[{"name":"wp","href":"https:\/\/api.w.org\/{rel}","templated":true}]}}