{"id":2229,"date":"2012-07-12T08:00:25","date_gmt":"2012-07-12T12:00:25","guid":{"rendered":"http:\/\/www.radiochiloe.cl\/?p=2229"},"modified":"2012-07-11T15:01:33","modified_gmt":"2012-07-11T19:01:33","slug":"programa-recuperacion-de-barrios-inicia-intervencion-en-provincia-de-chiloe","status":"publish","type":"post","link":"https:\/\/www.radiochiloe.cl\/?p=2229","title":{"rendered":"Programa Recuperaci\u00f3n de Barrios inicia intervenci\u00f3n en Provincia de Chilo\u00e9"},"content":{"rendered":"<p style=\"text-align: justify;\">Cuatro nuevos barrios ser\u00e1n intervenidos por el Ministerio de Vivienda y Urbanismo a trav\u00e9s del Programa Recuperaci\u00f3n de Barrios, dos de los cuales se encuentran en la provincia de Chilo\u00e9, lo que resulta toda una novedad seg\u00fan lo informado por el Secretario Regional de esta cartera, Fernando Gunckel ya que la aprobaci\u00f3n de los barrios chilotes son una excepci\u00f3n a la regla de considerar ciudades con una poblaci\u00f3n superior a los 40 mil habitantes.<\/p>\n<p style=\"text-align: justify;\">Se trata de los barrios Ovejer\u00eda Alto de Osorno que incluye a las poblaciones El Mirador, Villa Los Volcanes, Juan Pablo II y Juan de Dios Guajardo; barrio Mirador de Puerto Montt integrado por las poblaciones Ebensperguer Alto, Mirador Los Sauces, Mirador y Puntilla Mirador; barrio Bellavista de Ancud con las poblaciones Bellavista 1, 2 y 3, y el barrio Isla de Castro integrado por las poblaciones Camilo Henr\u00edquez y Villa Esperanza. Todos ellos fueron postulados a este primer llamado concursable del Programa Recuperaci\u00f3n de Barrios, en los que se trabajar\u00e1 durante 33 meses con una inversi\u00f3n total de mil 809 millones de pesos.<\/p>\n<p style=\"text-align: justify;\">\u201cEn Chilo\u00e9 hay una gran necesidad de atender varios barrios que presentan deterioro urbano y una alta vulnerabilidad de sus habitantes, por lo que no fue dif\u00edcil convencer a las autoridades del Ministerio de Vivienda y Urbanismo de considerar en esta oportunidad a Ancud y Castro, pese a que no cuentan con la poblaci\u00f3n m\u00ednima requerida. Hoy, la llegada de este programa a Chilo\u00e9 ya es una realidad y esperamos que en estas ciudades m\u00e1s peque\u00f1as el impacto del programa sea mayor con la construcci\u00f3n de plazas, \u00e1reas verdes, espacios para el encuentro comunitario entre otras obras concretas, cuya ejecuci\u00f3n se decide en conjunto con la comunidad del barrio\u201d, expres\u00f3 Gunckel.<\/p>\n<p style=\"text-align: justify;\">Por su parte, el Intendente Juan Sebasti\u00e1n Montes -quien fue parte del jurado que seleccion\u00f3 a los barrios ganadores- resalt\u00f3 que este programa apunta a lo indicado por el Presidente Sebasti\u00e1n Pi\u00f1era de que las personas merecen vivir en ciudades m\u00e1s amigables. \u201cHoy, nuestras urbes se han expandido por iniciativas privadas, pero muchas veces no han generado una estructura de barrio con parques, avenidas, aceras, iluminaci\u00f3n, juegos para ni\u00f1os, espacios naturales de ocio y el bien p\u00fablico que la ciudad ofrece a cada uno de los ciudadanos. Como Gobierno no queremos que las personas vivan encerradas entre sus casas y su trabajo, porque el barrio debe ser un aporte a la calidad de vida, un bien que valoriza incluso las propiedades que est\u00e1n al interior de \u00e9l y la intervenci\u00f3n del Ministerio de Vivienda y Urbanismo en Osorno y Puerto Montt ha sido muy bien acogida por la gente. Esperamos que estas cuatro nuevas intervenciones sean muy buenas, en especial en las comunas donde no se ha entregado este beneficio y siga con buenos resultados en Osorno y Puerto Montt\u201d, manifest\u00f3.<\/p>\n<p style=\"text-align: justify;\">Por su parte, ambas autoridades se\u00f1alaron que para el a\u00f1o 2013 se incorporar\u00e1n nuevos barrios donde se espera considerar a comunas peque\u00f1as y otras medianas como Quell\u00f3n.<br \/>\nCabe destacar que en la Regi\u00f3n de Los Lagos se ha trabajado en siete barrios de las comunas de Osorno y Puerto Montt, en los cuales se ha creado en cada uno un Consejo Vecinal de Desarrollo, instituci\u00f3n que congrega a todas las organizaciones sociales del barrio y que participa activamente en la elecci\u00f3n de las obras urbanas, supervisando su ejecuci\u00f3n y haci\u00e9ndose responsable de su cuidado y mantenci\u00f3n. En forma paralela, se lleva a cabo el Plan de Gesti\u00f3n Social, a trav\u00e9s del cual se capacita a la comunidad para continuar mejorando su barrio y, por ende, su calidad de vida. Por lo mismo, el Seremi Fernando Gunckel hizo un llamado a los vecinos y vecinas de las comunidades favorecidas a acercarse a sus juntas de vecinos, en especial a los j\u00f3venes, para aprovechar esta oportunidad de plantear sus necesidades.<\/p>\n<p style=\"text-align: justify;\">Departamento de Prensa<\/p>\n","protected":false},"excerpt":{"rendered":"<p>Cuatro nuevos barrios ser\u00e1n intervenidos por el Ministerio de Vivienda y Urbanismo a trav\u00e9s del Programa Recuperaci\u00f3n de Barrios, dos de los cuales se encuentran en la provincia de Chilo\u00e9, lo que resulta toda una novedad seg\u00fan lo informado por el Secretario Regional de esta cartera, Fernando Gunckel ya que la aprobaci\u00f3n de los barrios [&hellip;]<\/p>\n","protected":false},"author":2,"featured_media":2230,"comment_status":"open","ping_status":"open","sticky":false,"template":"","format":"standard","meta":[],"categories":[3],"tags":[5],"jetpack_featured_media_url":"https:\/\/www.radiochiloe.cl\/wp-content\/uploads\/2012\/07\/recuperacionbarrios.jpg","_links":{"self":[{"href":"https:\/\/www.radiochiloe.cl\/index.php?rest_route=\/wp\/v2\/posts\/2229"}],"collection":[{"href":"https:\/\/www.radiochiloe.cl\/index.php?rest_route=\/wp\/v2\/posts"}],"about":[{"href":"https:\/\/www.radiochiloe.cl\/index.php?rest_route=\/wp\/v2\/types\/post"}],"author":[{"embeddable":true,"href":"https:\/\/www.radiochiloe.cl\/index.php?rest_route=\/wp\/v2\/users\/2"}],"replies":[{"embeddable":true,"href":"https:\/\/www.radiochiloe.cl\/index.php?rest_route=%2Fwp%2Fv2%2Fcomments&post=2229"}],"version-history":[{"count":2,"href":"https:\/\/www.radiochiloe.cl\/index.php?rest_route=\/wp\/v2\/posts\/2229\/revisions"}],"predecessor-version":[{"id":2232,"href":"https:\/\/www.radiochiloe.cl\/index.php?rest_route=\/wp\/v2\/posts\/2229\/revisions\/2232"}],"wp:featuredmedia":[{"embeddable":true,"href":"https:\/\/www.radiochiloe.cl\/index.php?rest_route=\/wp\/v2\/media\/2230"}],"wp:attachment":[{"href":"https:\/\/www.radiochiloe.cl\/index.php?rest_route=%2Fwp%2Fv2%2Fmedia&parent=2229"}],"wp:term":[{"taxonomy":"category","embeddable":true,"href":"https:\/\/www.radiochiloe.cl\/index.php?rest_route=%2Fwp%2Fv2%2Fcategories&post=2229"},{"taxonomy":"post_tag","embeddable":true,"href":"https:\/\/www.radiochiloe.cl\/index.php?rest_route=%2Fwp%2Fv2%2Ftags&post=2229"}],"curies":[{"name":"wp","href":"https:\/\/api.w.org\/{rel}","templated":true}]}}