{"id":2233,"date":"2012-07-11T17:00:32","date_gmt":"2012-07-11T21:00:32","guid":{"rendered":"http:\/\/www.radiochiloe.cl\/?p=2233"},"modified":"2012-07-11T15:06:15","modified_gmt":"2012-07-11T19:06:15","slug":"minvu-lanza-subsidio-de-ampliacion-de-vivienda-para-acoger-al-adulto-mayor","status":"publish","type":"post","link":"https:\/\/www.radiochiloe.cl\/?p=2233","title":{"rendered":"Minvu lanza subsidio de ampliaci\u00f3n de vivienda para acoger al adulto mayor"},"content":{"rendered":"<p style=\"text-align: justify;\">El programa entregar\u00e1 hasta 200 UF para ampliar el inmueble e incorporar un dormitorio y ba\u00f1o para los abuelitos de nuestra regi\u00f3n.<\/p>\n<p style=\"text-align: justify;\">Puerto Montt, 11 de julio de 2012.- El intendente regional, Juan Sebasti\u00e1n Montes junto al seremi de Vivienda y Urbanismo, Fernando Gunckel y al director de Serviu, Sergio Feres, lanzaron hoy el programa \u201cAcoge a un adulto mayor\u201d, que contempla un subsidio especial de ampliaci\u00f3n de vivienda para acoger a un adulto mayor, o bien, recibir a un familiar que pueda quedar al cuidado de \u00e9ste.<\/p>\n<p style=\"text-align: justify;\">Se trata de un llamado a postulaci\u00f3n para ampliaci\u00f3n de viviendas, que se enmarca dentro del Programa de Protecci\u00f3n del Patrimonio Familiar (PPPF) del Minvu, donde los proyectos postulados recibir\u00e1n un puntaje adicional y un monto de entre 160 y 200 UF, en caso de hacerse una ampliaci\u00f3n destinada a acoger a un adulto mayor. El llamado a concurso contempla asignar fondos para la regi\u00f3n de Los Lagos de 1.800 millones de pesos.<\/p>\n<p style=\"text-align: justify;\">Frente a este nuevo beneficio el seremi de Vivienda y Urbanismo, Fernando Gunckel, se\u00f1al\u00f3 que \u201ceste beneficio busca premiar y retribuir a los abuelitos de nuestra regi\u00f3n, el ministerio se preocupa con hechos reales por los adultos mayores, hoy lanzamos este subsidio preferencial de mejoramiento y hace dos semanas entregamos 20 viviendas tuteladas en la ciudad de Frutillar, que responden a iniciativas y pol\u00edticas concretas en beneficio de los adultos mayores, quienes han entregado su vida a nuestra sociedad y de alguna manera debemos devolverles la mano apoy\u00e1ndolos en esta etapa de sus vidas a trav\u00e9s de una mejora calidad de vida \u201d.<\/p>\n<p style=\"text-align: justify;\">La ampliaci\u00f3n proyectada para el adulto mayor debe contemplar un dormitorio que permita ubicar dos camas, dos closet, dejando espacio suficiente para el desplazamiento al interior de \u00e9ste. Adem\u00e1s, la ampliaci\u00f3n deber\u00e1 incluir un ba\u00f1o con acceso directo desde el dormitorio, con el fin de otorgar mayor comodidad al beneficiario.<\/p>\n<p style=\"text-align: justify;\">Asimismo, el director del Serviu, Sergio Feres, indic\u00f3 que \u201cEs una muy buena noticia para las familias que quieren hacerse cargo de sus adultos mayores. Las postulaciones se pueden realizar directamente en el Serviu, hasta el 28 de septiembre, y se puede optar a un subsidio de entre 160 y 200 UF con solo 5 UF de ahorro, por lo que invitamos a las familias a mejorar la calidad de vida de sus abuelos, ya que para nuestra regi\u00f3n hay 80 mil UF disponibles, es decir, m\u00e1s de 1.700 millones de pesos para este nuevo programa\u201d.<\/p>\n<p style=\"text-align: justify;\">Tambi\u00e9n se debe considerar que el proyecto que se quiere postular a trav\u00e9s de este subsidio de mejoramiento para la vivienda, correspondiente al t\u00edtulo III de este programa del Minvu, debe contar con un certificado de calificaci\u00f3n hasta el 28 de septiembre del presente a\u00f1o.<\/p>\n<p style=\"text-align: justify;\">El metraje m\u00ednimo es de 13 metros cuadrados para una ampliaci\u00f3n tipo y de 15,5 m2 para ampliaciones que contemplen un miembro con discapacidad. En este \u00faltimo caso, el proyecto deber\u00e1 incorporar el concepto de Accesibilidad Universal, a trav\u00e9s de obras que permitan habilitar la ampliaci\u00f3n en condiciones de seguridad, comodidad, y de la forma m\u00e1s aut\u00f3noma y natural posible.<\/p>\n<p style=\"text-align: justify;\">El subsidio tambi\u00e9n beneficia a los adultos mayores propietarios de una vivienda cuya propuesta permita ampliar su lugar de residencia para que un familiar lo pueda cuidar, el monto del subsidio var\u00eda entre las 160 UF y 200 UF, y el postulante debe acreditar un ahorro m\u00ednimo de 5 UF. La recepci\u00f3n de los proyectos parti\u00f3 el 28 de junio y se extender\u00e1 hasta el 28 de septiembre.<\/p>\n<p style=\"text-align: justify;\">Finalmente, se puede postular en forma colectiva o individual a trav\u00e9s de un Prestador de Servicios de Asistencia T\u00e9cnica (PSAT), en nuestra regi\u00f3n existen 31 instituciones en convenio que se pueden encontrar a trav\u00e9s de un listado disponible en el sitio web www.minvu.cl.<\/p>\n<p style=\"text-align: justify;\">Departamento de Prensa<\/p>\n","protected":false},"excerpt":{"rendered":"<p>El programa entregar\u00e1 hasta 200 UF para ampliar el inmueble e incorporar un dormitorio y ba\u00f1o para los abuelitos de nuestra regi\u00f3n. Puerto Montt, 11 de julio de 2012.- El intendente regional, Juan Sebasti\u00e1n Montes junto al seremi de Vivienda y Urbanismo, Fernando Gunckel y al director de Serviu, Sergio Feres, lanzaron hoy el programa [&hellip;]<\/p>\n","protected":false},"author":2,"featured_media":2234,"comment_status":"open","ping_status":"open","sticky":false,"template":"","format":"standard","meta":[],"categories":[3],"tags":[5],"jetpack_featured_media_url":"https:\/\/www.radiochiloe.cl\/wp-content\/uploads\/2012\/07\/adultomayor.jpg","_links":{"self":[{"href":"https:\/\/www.radiochiloe.cl\/index.php?rest_route=\/wp\/v2\/posts\/2233"}],"collection":[{"href":"https:\/\/www.radiochiloe.cl\/index.php?rest_route=\/wp\/v2\/posts"}],"about":[{"href":"https:\/\/www.radiochiloe.cl\/index.php?rest_route=\/wp\/v2\/types\/post"}],"author":[{"embeddable":true,"href":"https:\/\/www.radiochiloe.cl\/index.php?rest_route=\/wp\/v2\/users\/2"}],"replies":[{"embeddable":true,"href":"https:\/\/www.radiochiloe.cl\/index.php?rest_route=%2Fwp%2Fv2%2Fcomments&post=2233"}],"version-history":[{"count":2,"href":"https:\/\/www.radiochiloe.cl\/index.php?rest_route=\/wp\/v2\/posts\/2233\/revisions"}],"predecessor-version":[{"id":2236,"href":"https:\/\/www.radiochiloe.cl\/index.php?rest_route=\/wp\/v2\/posts\/2233\/revisions\/2236"}],"wp:featuredmedia":[{"embeddable":true,"href":"https:\/\/www.radiochiloe.cl\/index.php?rest_route=\/wp\/v2\/media\/2234"}],"wp:attachment":[{"href":"https:\/\/www.radiochiloe.cl\/index.php?rest_route=%2Fwp%2Fv2%2Fmedia&parent=2233"}],"wp:term":[{"taxonomy":"category","embeddable":true,"href":"https:\/\/www.radiochiloe.cl\/index.php?rest_route=%2Fwp%2Fv2%2Fcategories&post=2233"},{"taxonomy":"post_tag","embeddable":true,"href":"https:\/\/www.radiochiloe.cl\/index.php?rest_route=%2Fwp%2Fv2%2Ftags&post=2233"}],"curies":[{"name":"wp","href":"https:\/\/api.w.org\/{rel}","templated":true}]}}