{"id":2258,"date":"2012-07-12T10:58:10","date_gmt":"2012-07-12T14:58:10","guid":{"rendered":"http:\/\/www.radiochiloe.cl\/?p=2258"},"modified":"2012-07-12T10:58:10","modified_gmt":"2012-07-12T14:58:10","slug":"se-entregaron-nuevos-vehiculos-a-carabineros-de-chiloe-y-palena","status":"publish","type":"post","link":"https:\/\/www.radiochiloe.cl\/?p=2258","title":{"rendered":"Se entregaron nuevos veh\u00edculos a Carabineros de Chilo\u00e9 y Palena"},"content":{"rendered":"<p style=\"text-align: justify;\">Un aumento en su dotaci\u00f3n de veh\u00edculos tendr\u00e1n las Comisar\u00edas de Castro, Chait\u00e9n, Subcomisaria de Achao y tenencia de Dalcahue, luego que ayer se entregar\u00e1n oficialmente en el frontis de la Gobernaci\u00f3n de Chilo\u00e9 esta cantidad de camionetas a la Prefectura Chilo\u00e9.<\/p>\n<p style=\"text-align: justify;\">Este aumento se enmarca en las nuevas pol\u00edticas institucionales que tiene como objetivo principal entregar m\u00e1s recursos al combate del delito y mejorar los tiempos de respuesta en el servicio policial.<\/p>\n<p style=\"text-align: justify;\">El Prefecto de Carabineros Mario L\u00f3pez se\u00f1al\u00f3 que estas camionetas complementaran el trabajo diario de los funcionarios para afianzar el combate de los delitos y reducir la sensaci\u00f3n de inseguridad de la poblaci\u00f3n.<\/p>\n<p style=\"text-align: justify;\">\u201cEste es un compromiso permanentemente, estos nuevos veh\u00edculos son adquiridos con fondos de la instituci\u00f3n alcanzando un monto aproximado de 150 millones de pesos\u201d<\/p>\n<p style=\"text-align: justify;\">Agreg\u00f3 que \u201cson veh\u00edculos dotados con tracci\u00f3n 4X4, poseen equipamiento radial lo que permitir\u00e1 al personal estar conectados con la Central de Comunicaciones CENCO de forma permanente mejorando de forma sustancial los tiempos de respuesta y requerimientos constantes de la ciudadan\u00eda\u201d expres\u00f3.<\/p>\n<p style=\"text-align: justify;\">El Gobernador de Chilo\u00e9, C\u00e9sar Zambrano mencion\u00f3, que esta es la segunda entrega que se est\u00e1 realizando en la provincia \u201ctenemos a la vista veh\u00edculos que son todo terreno que mejorara absolutamente el desempe\u00f1o policial dada a la alta ruralidad que tenemos aqu\u00ed en Chilo\u00e9. Este es un a\u00f1o de renovaci\u00f3n de material, y tambi\u00e9n existen grandes proyectos, uno de ellos es una flota ordenada para el agua, que permitir\u00e1 acercarnos a todos los puntos de este gran archipi\u00e9lago\u201d sostuvo.<\/p>\n<p style=\"text-align: justify;\">Departamento de Prensa<\/p>\n","protected":false},"excerpt":{"rendered":"<p>Un aumento en su dotaci\u00f3n de veh\u00edculos tendr\u00e1n las Comisar\u00edas de Castro, Chait\u00e9n, Subcomisaria de Achao y tenencia de Dalcahue, luego que ayer se entregar\u00e1n oficialmente en el frontis de la Gobernaci\u00f3n de Chilo\u00e9 esta cantidad de camionetas a la Prefectura Chilo\u00e9. Este aumento se enmarca en las nuevas pol\u00edticas institucionales que tiene como objetivo [&hellip;]<\/p>\n","protected":false},"author":2,"featured_media":2259,"comment_status":"open","ping_status":"open","sticky":false,"template":"","format":"standard","meta":[],"categories":[3],"tags":[5],"jetpack_featured_media_url":"https:\/\/www.radiochiloe.cl\/wp-content\/uploads\/2012\/07\/entrega.jpg","_links":{"self":[{"href":"https:\/\/www.radiochiloe.cl\/index.php?rest_route=\/wp\/v2\/posts\/2258"}],"collection":[{"href":"https:\/\/www.radiochiloe.cl\/index.php?rest_route=\/wp\/v2\/posts"}],"about":[{"href":"https:\/\/www.radiochiloe.cl\/index.php?rest_route=\/wp\/v2\/types\/post"}],"author":[{"embeddable":true,"href":"https:\/\/www.radiochiloe.cl\/index.php?rest_route=\/wp\/v2\/users\/2"}],"replies":[{"embeddable":true,"href":"https:\/\/www.radiochiloe.cl\/index.php?rest_route=%2Fwp%2Fv2%2Fcomments&post=2258"}],"version-history":[{"count":1,"href":"https:\/\/www.radiochiloe.cl\/index.php?rest_route=\/wp\/v2\/posts\/2258\/revisions"}],"predecessor-version":[{"id":2260,"href":"https:\/\/www.radiochiloe.cl\/index.php?rest_route=\/wp\/v2\/posts\/2258\/revisions\/2260"}],"wp:featuredmedia":[{"embeddable":true,"href":"https:\/\/www.radiochiloe.cl\/index.php?rest_route=\/wp\/v2\/media\/2259"}],"wp:attachment":[{"href":"https:\/\/www.radiochiloe.cl\/index.php?rest_route=%2Fwp%2Fv2%2Fmedia&parent=2258"}],"wp:term":[{"taxonomy":"category","embeddable":true,"href":"https:\/\/www.radiochiloe.cl\/index.php?rest_route=%2Fwp%2Fv2%2Fcategories&post=2258"},{"taxonomy":"post_tag","embeddable":true,"href":"https:\/\/www.radiochiloe.cl\/index.php?rest_route=%2Fwp%2Fv2%2Ftags&post=2258"}],"curies":[{"name":"wp","href":"https:\/\/api.w.org\/{rel}","templated":true}]}}