{"id":2265,"date":"2012-07-12T15:08:34","date_gmt":"2012-07-12T19:08:34","guid":{"rendered":"http:\/\/www.radiochiloe.cl\/?p=2265"},"modified":"2012-07-12T15:08:34","modified_gmt":"2012-07-12T19:08:34","slug":"el-alcalde-de-castro-tambien-seria-parte-de-la-comitiva-que-viajaria-en-agosto-a-china","status":"publish","type":"post","link":"https:\/\/www.radiochiloe.cl\/?p=2265","title":{"rendered":"El alcalde de Castro tambi\u00e9n ser\u00eda parte de la comitiva que viajar\u00eda en agosto a China"},"content":{"rendered":"<p style=\"text-align: justify;\">As\u00ed lo confirm\u00f3 la autoridad en Chilo\u00e9 Noticias, manifestando que fue el d\u00eda martes en la ma\u00f1ana que el mismo Ministro de Obras P\u00fablicas Laurence Golborne le comunic\u00f3 telef\u00f3nicamente el tenor de esta invitaci\u00f3n que se materializar\u00eda en el mes de agosto del a\u00f1o en curso \u201cefectivamente fue el mismo ministro que me invit\u00f3 para ser parte de esta delegaci\u00f3n. Cuando uno ve las redes sociales como se critica este viaje la verdad que quer\u00eda mantenerlo en reserva, pero me siento muy agradecido de la deferencia del ministro, porque siempre vemos la disposici\u00f3n de autoridades nacionales lo que contrasta absolutamente con la disposici\u00f3n de las autoridades regionales cuando se tiene que conversar algunos temas locales\u201d enfatiz\u00f3.<\/p>\n<p style=\"text-align: justify;\">La autoridad comunal agreg\u00f3 que esta invitaci\u00f3n nace producto del viaje a China y Korea que\u00a0har\u00e1\u00a0el Ministro Golborne en conjunto con parlamentarios de la zona e invitados especiales, donde se observaran algunas alternativas de viaductos que se puedan tomar como ejemplo para lo que ser\u00e1 el puente sobre el Canal de Chacao \u201ces muy reconfortante que se reconozca al alcalde de Castro como una autoridad importante de la provincia de Chilo\u00e9, pero m\u00e1s all\u00e1 de eso creo que el objetivo es poder conocer de cerca los puentes que se est\u00e1n construyendo en el oriente, lo que servir\u00e1 para recoger algunas ideas para el puente que se quiere construir sobre el Canal de Chacao\u201d se\u00f1al\u00f3.<\/p>\n<p style=\"text-align: justify;\">Finalmente el alcalde Nelson \u00c1guila acot\u00f3 que todav\u00eda no hay una decisi\u00f3n al respecto pero no descarta que, aproxim\u00e1ndose la fecha del viaje, tomara la alternativa de viajar o simplemente\u00a0dir\u00e1\u00a0que no \u201ces una decisi\u00f3n que requiere tiempo, pero esperare que llegue la invitaci\u00f3n formal para tomar una decisi\u00f3n, pero por lo menos el ministro tuvo la deferencia de invitarme y explicarme en consiste el viaje v\u00eda telef\u00f3nica\u201d sostuvo.<\/p>\n<p style=\"text-align: justify;\">Departamento de Prensa<\/p>\n","protected":false},"excerpt":{"rendered":"<p>As\u00ed lo confirm\u00f3 la autoridad en Chilo\u00e9 Noticias, manifestando que fue el d\u00eda martes en la ma\u00f1ana que el mismo Ministro de Obras P\u00fablicas Laurence Golborne le comunic\u00f3 telef\u00f3nicamente el tenor de esta invitaci\u00f3n que se materializar\u00eda en el mes de agosto del a\u00f1o en curso \u201cefectivamente fue el mismo ministro que me invit\u00f3 para [&hellip;]<\/p>\n","protected":false},"author":2,"featured_media":2266,"comment_status":"open","ping_status":"open","sticky":false,"template":"","format":"standard","meta":[],"categories":[3],"tags":[5],"jetpack_featured_media_url":"https:\/\/www.radiochiloe.cl\/wp-content\/uploads\/2012\/07\/viaje.jpg","_links":{"self":[{"href":"https:\/\/www.radiochiloe.cl\/index.php?rest_route=\/wp\/v2\/posts\/2265"}],"collection":[{"href":"https:\/\/www.radiochiloe.cl\/index.php?rest_route=\/wp\/v2\/posts"}],"about":[{"href":"https:\/\/www.radiochiloe.cl\/index.php?rest_route=\/wp\/v2\/types\/post"}],"author":[{"embeddable":true,"href":"https:\/\/www.radiochiloe.cl\/index.php?rest_route=\/wp\/v2\/users\/2"}],"replies":[{"embeddable":true,"href":"https:\/\/www.radiochiloe.cl\/index.php?rest_route=%2Fwp%2Fv2%2Fcomments&post=2265"}],"version-history":[{"count":4,"href":"https:\/\/www.radiochiloe.cl\/index.php?rest_route=\/wp\/v2\/posts\/2265\/revisions"}],"predecessor-version":[{"id":2270,"href":"https:\/\/www.radiochiloe.cl\/index.php?rest_route=\/wp\/v2\/posts\/2265\/revisions\/2270"}],"wp:featuredmedia":[{"embeddable":true,"href":"https:\/\/www.radiochiloe.cl\/index.php?rest_route=\/wp\/v2\/media\/2266"}],"wp:attachment":[{"href":"https:\/\/www.radiochiloe.cl\/index.php?rest_route=%2Fwp%2Fv2%2Fmedia&parent=2265"}],"wp:term":[{"taxonomy":"category","embeddable":true,"href":"https:\/\/www.radiochiloe.cl\/index.php?rest_route=%2Fwp%2Fv2%2Fcategories&post=2265"},{"taxonomy":"post_tag","embeddable":true,"href":"https:\/\/www.radiochiloe.cl\/index.php?rest_route=%2Fwp%2Fv2%2Ftags&post=2265"}],"curies":[{"name":"wp","href":"https:\/\/api.w.org\/{rel}","templated":true}]}}