{"id":2271,"date":"2012-07-12T16:50:34","date_gmt":"2012-07-12T20:50:34","guid":{"rendered":"http:\/\/www.radiochiloe.cl\/?p=2271"},"modified":"2012-07-12T16:50:34","modified_gmt":"2012-07-12T20:50:34","slug":"carabineros-realiza-campana-de-difusion-para-reclutar-a-jovenes","status":"publish","type":"post","link":"https:\/\/www.radiochiloe.cl\/?p=2271","title":{"rendered":"Carabineros realiza campa\u00f1a de difusi\u00f3n para reclutar a j\u00f3venes"},"content":{"rendered":"<p style=\"text-align: justify;\">Una campa\u00f1a de promoci\u00f3n y difusi\u00f3n realiz\u00f3 esta semana la Escuela de Formaci\u00f3n de Carabineros Grupo Ancud, junto a un grupo de Aspirantes a Oficiales de la Escuela de Carabineros del General Carlos Ib\u00e1\u00f1ez del Campo.<\/p>\n<p style=\"text-align: justify;\">\u201cMediante esta campa\u00f1a pretendemos reclutar entre los j\u00f3venes a los mejores Carabineros, queremos que los postulantes e interesados se informen y puedan encantarse con esta profesi\u00f3n que es una filosof\u00eda de vida, uno se casa con la instituci\u00f3n y trabaja para ella\u201d, explic\u00f3 el comandante de la ESFOCAR Grupo Ancud, mayor Javier Gon\u00e7alves Rey.<\/p>\n<p style=\"text-align: justify;\">La campa\u00f1a de difusi\u00f3n en los medios locales contempl\u00f3 entrevistas en las Radios Estrella del Mar, Positiva, Pudeto y Chilo\u00e9, canales D\u00e9cima TV, Ancud Televisi\u00f3n, y Canal 2, medios pertenecientes a las comunas de Ancud y Castro.<\/p>\n<p style=\"text-align: justify;\">Asimismo, se realiz\u00f3 en las dependencias del Grupo de Formaci\u00f3n de Ancud el D\u00eda del Postulante, actividad que reuni\u00f3 a un grupo de j\u00f3venes para que pudieran compartir un momento de camarader\u00eda con los aspirantes y Carabineros alumnos, as\u00ed como tambi\u00e9n tuvieran la oportunidad de conocer las dependencias del plantel educacional.<\/p>\n<p style=\"text-align: justify;\">Finalmente, en el segundo nivel del Paseo Plaza Ancud se instal\u00f3 un stand para entregar informaci\u00f3n referente al proceso de postulaci\u00f3n y de esta manera poder motivar a los j\u00f3venes ancuditanos que a\u00fan no deciden su futuro profesional.<\/p>\n<p style=\"text-align: justify;\">Para aquellos j\u00f3venes interesados en postular a la ESFOCAR Grupo Ancud, pueden contactarse al tel\u00e9fono 65-765331 o visitar la p\u00e1gina web www.esfocar-grupoancud.com, de igual modo para postular a la Escuela de Oficiales de Carabineros puede llamar al tel\u00e9fono 65-765333 o visitar la p\u00e1gina web www.escar.cl<\/p>\n<p style=\"text-align: justify;\">Departamento de Prensa<\/p>\n","protected":false},"excerpt":{"rendered":"<p>Una campa\u00f1a de promoci\u00f3n y difusi\u00f3n realiz\u00f3 esta semana la Escuela de Formaci\u00f3n de Carabineros Grupo Ancud, junto a un grupo de Aspirantes a Oficiales de la Escuela de Carabineros del General Carlos Ib\u00e1\u00f1ez del Campo. \u201cMediante esta campa\u00f1a pretendemos reclutar entre los j\u00f3venes a los mejores Carabineros, queremos que los postulantes e interesados se [&hellip;]<\/p>\n","protected":false},"author":2,"featured_media":2272,"comment_status":"open","ping_status":"open","sticky":false,"template":"","format":"standard","meta":[],"categories":[3],"tags":[5],"jetpack_featured_media_url":"https:\/\/www.radiochiloe.cl\/wp-content\/uploads\/2012\/07\/carabineros1.jpg","_links":{"self":[{"href":"https:\/\/www.radiochiloe.cl\/index.php?rest_route=\/wp\/v2\/posts\/2271"}],"collection":[{"href":"https:\/\/www.radiochiloe.cl\/index.php?rest_route=\/wp\/v2\/posts"}],"about":[{"href":"https:\/\/www.radiochiloe.cl\/index.php?rest_route=\/wp\/v2\/types\/post"}],"author":[{"embeddable":true,"href":"https:\/\/www.radiochiloe.cl\/index.php?rest_route=\/wp\/v2\/users\/2"}],"replies":[{"embeddable":true,"href":"https:\/\/www.radiochiloe.cl\/index.php?rest_route=%2Fwp%2Fv2%2Fcomments&post=2271"}],"version-history":[{"count":2,"href":"https:\/\/www.radiochiloe.cl\/index.php?rest_route=\/wp\/v2\/posts\/2271\/revisions"}],"predecessor-version":[{"id":2274,"href":"https:\/\/www.radiochiloe.cl\/index.php?rest_route=\/wp\/v2\/posts\/2271\/revisions\/2274"}],"wp:featuredmedia":[{"embeddable":true,"href":"https:\/\/www.radiochiloe.cl\/index.php?rest_route=\/wp\/v2\/media\/2272"}],"wp:attachment":[{"href":"https:\/\/www.radiochiloe.cl\/index.php?rest_route=%2Fwp%2Fv2%2Fmedia&parent=2271"}],"wp:term":[{"taxonomy":"category","embeddable":true,"href":"https:\/\/www.radiochiloe.cl\/index.php?rest_route=%2Fwp%2Fv2%2Fcategories&post=2271"},{"taxonomy":"post_tag","embeddable":true,"href":"https:\/\/www.radiochiloe.cl\/index.php?rest_route=%2Fwp%2Fv2%2Ftags&post=2271"}],"curies":[{"name":"wp","href":"https:\/\/api.w.org\/{rel}","templated":true}]}}