{"id":2275,"date":"2012-07-13T09:00:43","date_gmt":"2012-07-13T13:00:43","guid":{"rendered":"http:\/\/www.radiochiloe.cl\/?p=2275"},"modified":"2012-07-12T20:10:04","modified_gmt":"2012-07-13T00:10:04","slug":"se-investiga-supuesto-abuso-sexual-en-escuela-basica-de-castro","status":"publish","type":"post","link":"https:\/\/www.radiochiloe.cl\/?p=2275","title":{"rendered":"Se investiga supuesto abuso sexual en escuela b\u00e1sica de Castro"},"content":{"rendered":"<p style=\"text-align: justify;\">(FOTO ARCHIVO)<\/p>\n<p style=\"text-align: justify;\">El hecho que, habr\u00eda ocurrido durante hace algunas semanas atr\u00e1s en un establecimiento educacional de la comuna, fue denunciado por el director de la escuela en conjunto con algunos apoderados de las menores afectadas, en la polic\u00eda de investigaciones de Castro.<\/p>\n<p style=\"text-align: justify;\">Todos los antecedentes fueron remitidos al fiscal de turno, Javier Calisto quien explic\u00f3 la veracidad de la denuncia que esta plena investigaci\u00f3n \u201cefectivamente se recibi\u00f3 la denuncia de parte de apoderados y de un representante de la escuela b\u00e1sica en la Bicrim de Castro el viernes 16 de julio pasado, que daba cuenta de ciertas acciones inapropiadas que involucra a un profesor de un taller de artes visuales con alumnas de octavo b\u00e1sico, lo cual esta siendo investigado\u201d se\u00f1al\u00f3.<\/p>\n<p style=\"text-align: justify;\">El fiscal agreg\u00f3 que \u201cse despacho inmediatamente la orden de investigar, porque hay que aclarar la conducta de este profesor, que podr\u00eda tener algo relacionado con alguna acci\u00f3n sexual, pero esto hay que verlo con alg\u00fan detalle, ya que son varias alumnas las que indicar\u00edan y concuerdan sobre la situaci\u00f3n vivida, entonces estamos ante una investigaci\u00f3n que se puede prolongar en el tiempo\u201d concluy\u00f3 el fiscal.<\/p>\n<p style=\"text-align: justify;\">En tanto el Secretario General de la Corporaci\u00f3n Municipal de Castro, Carlos Delgado se\u00f1al\u00f3 que conoci\u00f3 de inmediato los antecedentes sobre este caso que tambi\u00e9n esta siguiendo con mucha cautela los profesionales de la OPD \u201cel mismo director del establecimiento me entreg\u00f3 la informaci\u00f3n, por eso instruimos la separaci\u00f3n inmediata de sus funciones al profesor involucrado y si hay una investigaci\u00f3n de parte de la fiscal\u00eda mucho mejor todav\u00eda\u201d enfatiz\u00f3.<\/p>\n<p style=\"text-align: justify;\">Carlos Delgado agreg\u00f3 que \u201csi bien hay que escuchar a los estudiantes, no se puede lapidar inmediatamente a un persona cuando es acusada, por eso insito que encuentro excelente que la fiscal\u00eda este investigando pero tambi\u00e9n me imagino la angustia de este profesor, por eso le daremos la posibilidad de explicar este tema\u201d.<\/p>\n<p style=\"text-align: justify;\">Cabe mencionar que los padres y apoderados de estas menores de edad est\u00e1n muy angustiados por esta situaci\u00f3n, ya que se conoci\u00f3 solamente antes del comienzo de las vacaciones de invierno, pero esperan que, si la investigaci\u00f3n arroja algo desfavorable en contra del encargado de este taller, la justicia realice su trabajo para que este tipo de situaciones no vuelvan ha ocurrir dentro de un establecimiento educacional.<\/p>\n<p style=\"text-align: justify;\">Departamento de Prensa<\/p>\n","protected":false},"excerpt":{"rendered":"<p>(FOTO ARCHIVO) El hecho que, habr\u00eda ocurrido durante hace algunas semanas atr\u00e1s en un establecimiento educacional de la comuna, fue denunciado por el director de la escuela en conjunto con algunos apoderados de las menores afectadas, en la polic\u00eda de investigaciones de Castro. Todos los antecedentes fueron remitidos al fiscal de turno, Javier Calisto quien [&hellip;]<\/p>\n","protected":false},"author":2,"featured_media":2276,"comment_status":"open","ping_status":"open","sticky":false,"template":"","format":"standard","meta":[],"categories":[3],"tags":[5],"jetpack_featured_media_url":"https:\/\/www.radiochiloe.cl\/wp-content\/uploads\/2012\/07\/justicia.jpg","_links":{"self":[{"href":"https:\/\/www.radiochiloe.cl\/index.php?rest_route=\/wp\/v2\/posts\/2275"}],"collection":[{"href":"https:\/\/www.radiochiloe.cl\/index.php?rest_route=\/wp\/v2\/posts"}],"about":[{"href":"https:\/\/www.radiochiloe.cl\/index.php?rest_route=\/wp\/v2\/types\/post"}],"author":[{"embeddable":true,"href":"https:\/\/www.radiochiloe.cl\/index.php?rest_route=\/wp\/v2\/users\/2"}],"replies":[{"embeddable":true,"href":"https:\/\/www.radiochiloe.cl\/index.php?rest_route=%2Fwp%2Fv2%2Fcomments&post=2275"}],"version-history":[{"count":1,"href":"https:\/\/www.radiochiloe.cl\/index.php?rest_route=\/wp\/v2\/posts\/2275\/revisions"}],"predecessor-version":[{"id":2277,"href":"https:\/\/www.radiochiloe.cl\/index.php?rest_route=\/wp\/v2\/posts\/2275\/revisions\/2277"}],"wp:featuredmedia":[{"embeddable":true,"href":"https:\/\/www.radiochiloe.cl\/index.php?rest_route=\/wp\/v2\/media\/2276"}],"wp:attachment":[{"href":"https:\/\/www.radiochiloe.cl\/index.php?rest_route=%2Fwp%2Fv2%2Fmedia&parent=2275"}],"wp:term":[{"taxonomy":"category","embeddable":true,"href":"https:\/\/www.radiochiloe.cl\/index.php?rest_route=%2Fwp%2Fv2%2Fcategories&post=2275"},{"taxonomy":"post_tag","embeddable":true,"href":"https:\/\/www.radiochiloe.cl\/index.php?rest_route=%2Fwp%2Fv2%2Ftags&post=2275"}],"curies":[{"name":"wp","href":"https:\/\/api.w.org\/{rel}","templated":true}]}}