{"id":2278,"date":"2012-07-13T08:00:22","date_gmt":"2012-07-13T12:00:22","guid":{"rendered":"http:\/\/www.radiochiloe.cl\/?p=2278"},"modified":"2012-07-12T20:16:44","modified_gmt":"2012-07-13T00:16:44","slug":"sag-llama-a-los-ganaderos-a-realizar-declaracion-de-existencia-de-animales","status":"publish","type":"post","link":"https:\/\/www.radiochiloe.cl\/?p=2278","title":{"rendered":"SAG llama a los ganaderos a realizar declaraci\u00f3n de existencia de animales"},"content":{"rendered":"<p style=\"text-align: justify;\">Hasta el 31 de julio tienen plazo los ganaderos de la zona para declarar la existencia de animales en sus predios. \u201cEs importante que los productores de ganado cumplan con esta obligaci\u00f3n porque permite al SAG conocer donde est\u00e1n ubicados los planteles pecuarios y la cantidad de animales que existen por comuna en la regi\u00f3n\u201d, dijo el Director Regional del SAG, Alfredo Fr\u00f6hlich.<\/p>\n<p style=\"text-align: justify;\">La autoridad regional tambi\u00e9n sostuvo que \u201cpara el trabajo del SAG esta informaci\u00f3n es fundamental dado que permite encauzar de mejor manera las acciones de vigilancia sanitaria sobre los predios, y reaccionar oportunamente frente a la ocurrencia de eventos sanitarios infectocontagiosos que son de preocupaci\u00f3n para la actividad ganadera del pa\u00eds\u201d.<\/p>\n<p style=\"text-align: justify;\">Este tr\u00e1mite es gratis y los datos se manejan en forma confidencial. \u201cEl formulario para efectuar la declaraci\u00f3n de animales se encuentra disponible en cualquier oficina del SAG y tambi\u00e9n en el sitio web del Servicio que es www.sag.cl\u201d, enfatiz\u00f3 Alfredo Fr\u00f6hlich.<\/p>\n<p style=\"text-align: justify;\">Si bien la declaraci\u00f3n de existencia animal es un tr\u00e1mite vinculado al Programa Oficial de Trazabilidad Sanitaria, es una informaci\u00f3n que alimenta a otros programas sanitarios del SAG como el de brucelosis bovina y tuberculosis bovina; tambi\u00e9n se utiliza para efectuar vigilancia sobre los Planteles Animales Bajo Certificaci\u00f3n Oficial (PABCO) y constituye un elemento de apoyo para la implementaci\u00f3n de la reci\u00e9n promulgada Ley N\u00ba 20.596 que controla el delito de robo de animales (abigeato)<\/p>\n<p style=\"text-align: justify;\">Es importante se\u00f1alar que los recintos que mantienen animales en forma temporal como lo son las plantas faenadoras, los recintos feriales, medialunas, recintos de exposici\u00f3n, no deben efectuar este tr\u00e1mite.<\/p>\n<p style=\"text-align: justify;\">Departamento de Prensa<\/p>\n","protected":false},"excerpt":{"rendered":"<p>Hasta el 31 de julio tienen plazo los ganaderos de la zona para declarar la existencia de animales en sus predios. \u201cEs importante que los productores de ganado cumplan con esta obligaci\u00f3n porque permite al SAG conocer donde est\u00e1n ubicados los planteles pecuarios y la cantidad de animales que existen por comuna en la regi\u00f3n\u201d, [&hellip;]<\/p>\n","protected":false},"author":2,"featured_media":2279,"comment_status":"open","ping_status":"open","sticky":false,"template":"","format":"standard","meta":[],"categories":[3],"tags":[5],"jetpack_featured_media_url":"https:\/\/www.radiochiloe.cl\/wp-content\/uploads\/2012\/07\/animales.jpg","_links":{"self":[{"href":"https:\/\/www.radiochiloe.cl\/index.php?rest_route=\/wp\/v2\/posts\/2278"}],"collection":[{"href":"https:\/\/www.radiochiloe.cl\/index.php?rest_route=\/wp\/v2\/posts"}],"about":[{"href":"https:\/\/www.radiochiloe.cl\/index.php?rest_route=\/wp\/v2\/types\/post"}],"author":[{"embeddable":true,"href":"https:\/\/www.radiochiloe.cl\/index.php?rest_route=\/wp\/v2\/users\/2"}],"replies":[{"embeddable":true,"href":"https:\/\/www.radiochiloe.cl\/index.php?rest_route=%2Fwp%2Fv2%2Fcomments&post=2278"}],"version-history":[{"count":1,"href":"https:\/\/www.radiochiloe.cl\/index.php?rest_route=\/wp\/v2\/posts\/2278\/revisions"}],"predecessor-version":[{"id":2280,"href":"https:\/\/www.radiochiloe.cl\/index.php?rest_route=\/wp\/v2\/posts\/2278\/revisions\/2280"}],"wp:featuredmedia":[{"embeddable":true,"href":"https:\/\/www.radiochiloe.cl\/index.php?rest_route=\/wp\/v2\/media\/2279"}],"wp:attachment":[{"href":"https:\/\/www.radiochiloe.cl\/index.php?rest_route=%2Fwp%2Fv2%2Fmedia&parent=2278"}],"wp:term":[{"taxonomy":"category","embeddable":true,"href":"https:\/\/www.radiochiloe.cl\/index.php?rest_route=%2Fwp%2Fv2%2Fcategories&post=2278"},{"taxonomy":"post_tag","embeddable":true,"href":"https:\/\/www.radiochiloe.cl\/index.php?rest_route=%2Fwp%2Fv2%2Ftags&post=2278"}],"curies":[{"name":"wp","href":"https:\/\/api.w.org\/{rel}","templated":true}]}}