{"id":2292,"date":"2012-07-13T15:31:49","date_gmt":"2012-07-13T19:31:49","guid":{"rendered":"http:\/\/www.radiochiloe.cl\/?p=2292"},"modified":"2012-07-13T15:31:49","modified_gmt":"2012-07-13T19:31:49","slug":"este-fin-de-semana-se-realizara-el-famoso-reitimiento-de-chancho-de-queilen","status":"publish","type":"post","link":"https:\/\/www.radiochiloe.cl\/?p=2292","title":{"rendered":"Este fin de semana se realizara el famoso \u00abReitimiento de Chancho\u00bb de Queilen"},"content":{"rendered":"<p style=\"text-align: justify;\">Ya est\u00e1 todo listo y dispuesto para desarrollar una nueva versi\u00f3n de la principal fiesta de invierno de nuestra provincia, es as\u00ed como para este a\u00f1o el Reitimiento espera recibir a unas 4mil personas la actividad se llevar\u00e1 a cabo este s\u00e1bado 14 y domingo 15 de julio en el patio techado del internado masculino de la ciudad, el cual ha sido remodelado para atender de mejor manera a los visitantes.<\/p>\n<p style=\"text-align: justify;\">Es una de las novedades del evento, nos referimos al \u201cChanchito M\u00f3vil\u201d que busca llevar platos de yoco a las familias de la ciudad, con el fin de que nadie se quede sin probar este contundente plato t\u00edpico chilote, a eso se suma adem\u00e1s una muestra artesanal y de postres lo cual otorga un atractivo adicional.<\/p>\n<p style=\"text-align: justify;\">Otra novedad es tambi\u00e9n la incorporaci\u00f3n de una guarder\u00eda para ni\u00f1os y juegos infantiles, esto con el fin de aliviar un poco el trabajo de los padres.<\/p>\n<p style=\"text-align: justify;\">El Reitimiento es adem\u00e1s un espacio importante para el folclore el cual se ha conformado con la presencia de poco m\u00e1s de 20 conjuntos de la provincia y tambi\u00e9n de ciudades como Angol y Osorno, los cuales han preparado complet\u00edsimos cuadros de folclore que ser\u00e1n el deleite de quienes aman las ra\u00edces criollas.<\/p>\n<p style=\"text-align: justify;\">Para finalizar el alcalde de la comuna Carlos G\u00f3mez Miranda indic\u00f3 que espera la visita de gente de toda la provincia y regi\u00f3n dado que es una fiesta tradicional que se ha hecho importante durante el invierno chilote. \u201cNo hemos escatimado esfuerzos en brindar todas las comodidades a los grupos folcl\u00f3ricos que nos visitar\u00e1n, as\u00ed como tambi\u00e9n estamos preparados para recibir de la mejor manera a nuestras visitas, por ejemplo mejoramos la seguridad del recinto, implementamos una guarder\u00eda y juegos infantiles; tenemos el \u201cChanchito M\u00f3vil\u201d y tambi\u00e9n hemos mantenido los precios de a\u00f1os anteriores como una forma de cuidar el bolsillo de nuestros visitantes. La verdad confiamos en que la gente podr\u00e1 disfrutar de una gran fiesta tradicional chilota\u201d finaliz\u00f3 el alcalde.<\/p>\n<p style=\"text-align: justify;\">Precios<\/p>\n<p style=\"text-align: justify;\">Plato de yoco $ 3.500<br \/>\nCazuela de Ave $ 1.500.<\/p>\n<p style=\"text-align: justify;\">Departamento de Prensa<\/p>\n","protected":false},"excerpt":{"rendered":"<p>Ya est\u00e1 todo listo y dispuesto para desarrollar una nueva versi\u00f3n de la principal fiesta de invierno de nuestra provincia, es as\u00ed como para este a\u00f1o el Reitimiento espera recibir a unas 4mil personas la actividad se llevar\u00e1 a cabo este s\u00e1bado 14 y domingo 15 de julio en el patio techado del internado masculino [&hellip;]<\/p>\n","protected":false},"author":2,"featured_media":2293,"comment_status":"open","ping_status":"open","sticky":false,"template":"","format":"standard","meta":[],"categories":[3],"tags":[5],"jetpack_featured_media_url":"https:\/\/www.radiochiloe.cl\/wp-content\/uploads\/2012\/07\/reitimiento.jpg","_links":{"self":[{"href":"https:\/\/www.radiochiloe.cl\/index.php?rest_route=\/wp\/v2\/posts\/2292"}],"collection":[{"href":"https:\/\/www.radiochiloe.cl\/index.php?rest_route=\/wp\/v2\/posts"}],"about":[{"href":"https:\/\/www.radiochiloe.cl\/index.php?rest_route=\/wp\/v2\/types\/post"}],"author":[{"embeddable":true,"href":"https:\/\/www.radiochiloe.cl\/index.php?rest_route=\/wp\/v2\/users\/2"}],"replies":[{"embeddable":true,"href":"https:\/\/www.radiochiloe.cl\/index.php?rest_route=%2Fwp%2Fv2%2Fcomments&post=2292"}],"version-history":[{"count":1,"href":"https:\/\/www.radiochiloe.cl\/index.php?rest_route=\/wp\/v2\/posts\/2292\/revisions"}],"predecessor-version":[{"id":2294,"href":"https:\/\/www.radiochiloe.cl\/index.php?rest_route=\/wp\/v2\/posts\/2292\/revisions\/2294"}],"wp:featuredmedia":[{"embeddable":true,"href":"https:\/\/www.radiochiloe.cl\/index.php?rest_route=\/wp\/v2\/media\/2293"}],"wp:attachment":[{"href":"https:\/\/www.radiochiloe.cl\/index.php?rest_route=%2Fwp%2Fv2%2Fmedia&parent=2292"}],"wp:term":[{"taxonomy":"category","embeddable":true,"href":"https:\/\/www.radiochiloe.cl\/index.php?rest_route=%2Fwp%2Fv2%2Fcategories&post=2292"},{"taxonomy":"post_tag","embeddable":true,"href":"https:\/\/www.radiochiloe.cl\/index.php?rest_route=%2Fwp%2Fv2%2Ftags&post=2292"}],"curies":[{"name":"wp","href":"https:\/\/api.w.org\/{rel}","templated":true}]}}