{"id":2295,"date":"2012-07-14T08:00:22","date_gmt":"2012-07-14T12:00:22","guid":{"rendered":"http:\/\/www.radiochiloe.cl\/?p=2295"},"modified":"2012-07-13T16:06:22","modified_gmt":"2012-07-13T20:06:22","slug":"comienza-en-castro-la-consulta-ciudadana-impulsada-por-el-ministerio-de-obras-publicas","status":"publish","type":"post","link":"https:\/\/www.radiochiloe.cl\/?p=2295","title":{"rendered":"Comienza en Castro la consulta ciudadana impulsada por el Ministerio de Obras P\u00fablicas"},"content":{"rendered":"<p style=\"text-align: justify;\">La poblaci\u00f3n isle\u00f1a podr\u00e1 realizar su votaci\u00f3n v\u00eda internet, y tambi\u00e9n a trav\u00e9s del stand que el Ministerio de Obras P\u00fablicas instal\u00f3 en el frontis de la Gobernaci\u00f3n de Chilo\u00e9, por tres d\u00edas en Castro, y a partir del martes, en la ciudad de Ancud.<\/p>\n<p style=\"text-align: justify;\">El Gobernador de Chilo\u00e9, C\u00e9sar Zambrano en conjunto con el Seremi de Obras P\u00fablicas Enrique Hoelck, dieron el vamos a la primera consulta ciudadana que impulsa este ministerio, que tiene como objetivo para que las personas entreguen su opini\u00f3n sobre algunas obras que el MOP puedan materializar y considerar para su regi\u00f3n, lo que constituir\u00e1n una referencia para la elaboraci\u00f3n de los planes de desarrollo regional, con miras a una planificaci\u00f3n para los pr\u00f3ximos 10 a\u00f1os.<\/p>\n<p style=\"text-align: justify;\">\u201cEs muy importante para Chilo\u00e9, que el Ministerio de Obras P\u00fablicas este llamando a la comunidad para que exprese su preferencia. Ser\u00e1n dos espacios f\u00edsicos en que se encontraran los stands, en Castro y Ancud. Adem\u00e1s la ciudadan\u00eda podr\u00e1 votar acerca de sus preferencias en el portal electr\u00f3nico www.consultamop.cl y www.miopinionmop.cl\u201d dijo la autoridad provincial.<\/p>\n<p style=\"text-align: justify;\">Esta consulta ciudadana permitir\u00e1 escuchar la opini\u00f3n de todas las personas de Arica a Punta Arenas sobre las obras de infraestructura p\u00fablica que creen m\u00e1s importantes para llevar a cabo en el corto y mediano plazo en su regi\u00f3n. Ser\u00e1n 21 d\u00edas, donde la comunidad podr\u00e1 votar acerca de los cinco proyectos m\u00e1s importantes a considerar por cada persona.<\/p>\n<p style=\"text-align: justify;\">En tanto el Seremi de Obras P\u00fablicas, Enrique Hoelck, calific\u00f3 esta consulta ciudadana como un hecho in\u00e9dito en el pa\u00eds \u201ca trav\u00e9s de esta consulta queremos que todas las personas conozcan el trabajo que realizamos a lo largo y ancho del pa\u00eds; que revisen las obras, proyectos, y estudios que el MOP tiene en cada una de sus regiones, y queremos que nos cuenten cu\u00e1les son los proyectos que desde su perspectiva, son los m\u00e1s importantes para la comunidad\u201d se\u00f1al\u00f3.<\/p>\n<p style=\"text-align: justify;\">Agreg\u00f3 que \u201cel ministerio por primera vez hace una consulta p\u00fablica. Se hizo una selecci\u00f3n del Plan Regional de los proyectos, y as\u00ed se cre\u00f3 una cuenta de navegaci\u00f3n del ministerio, porque nos interesa responder lo que la gente necesita respecto al plan de infraestructura. De las 600 obras que existen en la Regi\u00f3n escogimos 200, desde el 2012 al 2021, aclarando junto con ello que se espera que los datos tabulados est\u00e9n concluidos en el mes de Septiembre\u201d concluy\u00f3.<\/p>\n<p style=\"text-align: justify;\">Cabe consignar que la consulta se realizar\u00e1 en dos modalidades, a trav\u00e9s de un sitio web y de modo presencial, con la instalaci\u00f3n de stands itinerantes que estar\u00e1n presentes en 53 provincias de Chile y que a trav\u00e9s de la consulta cada persona deber\u00e1 seleccionar los 5 proyectos que le parecen m\u00e1s importantes.<\/p>\n<p style=\"text-align: justify;\">Departamento de Prensa<\/p>\n","protected":false},"excerpt":{"rendered":"<p>La poblaci\u00f3n isle\u00f1a podr\u00e1 realizar su votaci\u00f3n v\u00eda internet, y tambi\u00e9n a trav\u00e9s del stand que el Ministerio de Obras P\u00fablicas instal\u00f3 en el frontis de la Gobernaci\u00f3n de Chilo\u00e9, por tres d\u00edas en Castro, y a partir del martes, en la ciudad de Ancud. El Gobernador de Chilo\u00e9, C\u00e9sar Zambrano en conjunto con el [&hellip;]<\/p>\n","protected":false},"author":2,"featured_media":2296,"comment_status":"open","ping_status":"open","sticky":false,"template":"","format":"standard","meta":[],"categories":[3],"tags":[5],"jetpack_featured_media_url":"https:\/\/www.radiochiloe.cl\/wp-content\/uploads\/2012\/07\/consulta.jpg","_links":{"self":[{"href":"https:\/\/www.radiochiloe.cl\/index.php?rest_route=\/wp\/v2\/posts\/2295"}],"collection":[{"href":"https:\/\/www.radiochiloe.cl\/index.php?rest_route=\/wp\/v2\/posts"}],"about":[{"href":"https:\/\/www.radiochiloe.cl\/index.php?rest_route=\/wp\/v2\/types\/post"}],"author":[{"embeddable":true,"href":"https:\/\/www.radiochiloe.cl\/index.php?rest_route=\/wp\/v2\/users\/2"}],"replies":[{"embeddable":true,"href":"https:\/\/www.radiochiloe.cl\/index.php?rest_route=%2Fwp%2Fv2%2Fcomments&post=2295"}],"version-history":[{"count":2,"href":"https:\/\/www.radiochiloe.cl\/index.php?rest_route=\/wp\/v2\/posts\/2295\/revisions"}],"predecessor-version":[{"id":2298,"href":"https:\/\/www.radiochiloe.cl\/index.php?rest_route=\/wp\/v2\/posts\/2295\/revisions\/2298"}],"wp:featuredmedia":[{"embeddable":true,"href":"https:\/\/www.radiochiloe.cl\/index.php?rest_route=\/wp\/v2\/media\/2296"}],"wp:attachment":[{"href":"https:\/\/www.radiochiloe.cl\/index.php?rest_route=%2Fwp%2Fv2%2Fmedia&parent=2295"}],"wp:term":[{"taxonomy":"category","embeddable":true,"href":"https:\/\/www.radiochiloe.cl\/index.php?rest_route=%2Fwp%2Fv2%2Fcategories&post=2295"},{"taxonomy":"post_tag","embeddable":true,"href":"https:\/\/www.radiochiloe.cl\/index.php?rest_route=%2Fwp%2Fv2%2Ftags&post=2295"}],"curies":[{"name":"wp","href":"https:\/\/api.w.org\/{rel}","templated":true}]}}