{"id":2306,"date":"2012-07-14T16:20:23","date_gmt":"2012-07-14T20:20:23","guid":{"rendered":"http:\/\/www.radiochiloe.cl\/?p=2306"},"modified":"2012-07-14T16:20:23","modified_gmt":"2012-07-14T20:20:23","slug":"se-presentaron-oficialmente-los-candidatos-de-la-democracia-cristiana-con-miras-a-las-proximas-elecciones","status":"publish","type":"post","link":"https:\/\/www.radiochiloe.cl\/?p=2306","title":{"rendered":"Se presentaron oficialmente los candidatos de la Democracia Cristiana con miras a las pr\u00f3ximas elecciones"},"content":{"rendered":"<p style=\"text-align: justify;\">Con la presencia del presidente del Senado Camilo Escalona y de Juan C\u00e1rcamo en su calidad de presidente regional de la DC, se llevo a cabo esta tarde, en la sala 5 del Centro Cultural de Castro, la presentaci\u00f3n oficial de los candidatos ha alcaldes y concejales en la provincia de Chilo\u00e9.<\/p>\n<p style=\"text-align: justify;\">Pero anterior a este acto oficial se estableci\u00f3 una reuni\u00f3n interna del partido, donde la discusi\u00f3n se centro en la elecci\u00f3n de los candidatos a concejales de la comuna de Castro, lista que quedo definitivamente conformada por Francisco Vargas, Julio Mu\u00f1oz y Lilian Gonz\u00e1lez.<\/p>\n<p style=\"text-align: justify;\">Las discrepancias se agudizaron producto de la bajada del candidato Jaime M\u00e1rquez, decisi\u00f3n que fue conocida durante estos d\u00edas, cuando a nivel central se dirimi\u00f3 entregar la posibilidad de representar a la Democracia Cristiana a las tres personas antes mencionadas.<\/p>\n<p style=\"text-align: justify;\">Esta decisi\u00f3n no gusto en algunos militantes del partido, como el Consejero Regional Mauricio Henr\u00edquez, quien se\u00f1al\u00f3 que se tendr\u00e1 que trabajar con mayor fuerza en la comuna de Castro para obtener una votaci\u00f3n que pueda catapultar a dos de estos candidatos al sill\u00f3n de concejal por la capital provincial \u201cuno siempre espera que ha su partido le vaya bien y nosotros tenemos un gran desaf\u00edo en las pr\u00f3ximas elecciones, por eso hab\u00eda que conformar una lista potente incluyendo a Jaime M\u00e1rquez, quien creo reun\u00eda todas las condiciones para poder lograr obtener m\u00e1s de un concejal en la comuna, pero no se opt\u00f3 por otra cosa\u201d arguy\u00f3.<\/p>\n<p style=\"text-align: justify;\">Mauricio Henr\u00edquez agreg\u00f3 que \u201clamentablemente el partido decidi\u00f3 por otros tres militantes, que alg\u00fan minuto estaban en una encuesta que el mismo partido orden\u00f3 realizar a una entidad externa, donde se daba a conocer las reales opciones que ten\u00eda Jaime M\u00e1rquez, pero a nivel central se dijo otra cosa. Ahora solo espero que Jaime con esta decisi\u00f3n no se reste sino se sume al trabajo para las pr\u00f3ximas elecciones de octubre\u201d expres\u00f3.<\/p>\n<p style=\"text-align: justify;\">El Consejero Regional coment\u00f3 que este mecanismo no fue el mejor para elegir a los candidatos, porque su opci\u00f3n era realizar elecciones abiertas \u201ccreo que las primarias abiertas, que se desarrollaron en varios puntos del pa\u00eds era la mejor decisi\u00f3n, pero no se hizo y por supuesto es una responsabilidad de la directiva comunal no realizar algo que se solicit\u00f3 de parte de los militantes en alg\u00fan momento\u201d sentenci\u00f3.<\/p>\n<p style=\"text-align: justify;\">Finalmente este acto simb\u00f3lico concluy\u00f3 con la presentaci\u00f3n de todos los candidatos de la Democracia Cristiana y la fotograf\u00eda oficial. Sin lugar a dudas en las futuras elecciones municipales del pr\u00f3ximo 28 de octubre la DC tendr\u00e1 una dura lucha en los sectores donde la derecha ha marcado presencia en estos 4 \u00faltimo a\u00f1os.<\/p>\n<p style=\"text-align: justify;\">Departamento de Prensa<\/p>\n","protected":false},"excerpt":{"rendered":"<p>Con la presencia del presidente del Senado Camilo Escalona y de Juan C\u00e1rcamo en su calidad de presidente regional de la DC, se llevo a cabo esta tarde, en la sala 5 del Centro Cultural de Castro, la presentaci\u00f3n oficial de los candidatos ha alcaldes y concejales en la provincia de Chilo\u00e9. Pero anterior a [&hellip;]<\/p>\n","protected":false},"author":2,"featured_media":2307,"comment_status":"open","ping_status":"open","sticky":false,"template":"","format":"standard","meta":[],"categories":[3],"tags":[5],"jetpack_featured_media_url":"https:\/\/www.radiochiloe.cl\/wp-content\/uploads\/2012\/07\/candidatos.jpg","_links":{"self":[{"href":"https:\/\/www.radiochiloe.cl\/index.php?rest_route=\/wp\/v2\/posts\/2306"}],"collection":[{"href":"https:\/\/www.radiochiloe.cl\/index.php?rest_route=\/wp\/v2\/posts"}],"about":[{"href":"https:\/\/www.radiochiloe.cl\/index.php?rest_route=\/wp\/v2\/types\/post"}],"author":[{"embeddable":true,"href":"https:\/\/www.radiochiloe.cl\/index.php?rest_route=\/wp\/v2\/users\/2"}],"replies":[{"embeddable":true,"href":"https:\/\/www.radiochiloe.cl\/index.php?rest_route=%2Fwp%2Fv2%2Fcomments&post=2306"}],"version-history":[{"count":2,"href":"https:\/\/www.radiochiloe.cl\/index.php?rest_route=\/wp\/v2\/posts\/2306\/revisions"}],"predecessor-version":[{"id":2309,"href":"https:\/\/www.radiochiloe.cl\/index.php?rest_route=\/wp\/v2\/posts\/2306\/revisions\/2309"}],"wp:featuredmedia":[{"embeddable":true,"href":"https:\/\/www.radiochiloe.cl\/index.php?rest_route=\/wp\/v2\/media\/2307"}],"wp:attachment":[{"href":"https:\/\/www.radiochiloe.cl\/index.php?rest_route=%2Fwp%2Fv2%2Fmedia&parent=2306"}],"wp:term":[{"taxonomy":"category","embeddable":true,"href":"https:\/\/www.radiochiloe.cl\/index.php?rest_route=%2Fwp%2Fv2%2Fcategories&post=2306"},{"taxonomy":"post_tag","embeddable":true,"href":"https:\/\/www.radiochiloe.cl\/index.php?rest_route=%2Fwp%2Fv2%2Ftags&post=2306"}],"curies":[{"name":"wp","href":"https:\/\/api.w.org\/{rel}","templated":true}]}}