{"id":2314,"date":"2012-07-14T19:00:14","date_gmt":"2012-07-14T23:00:14","guid":{"rendered":"http:\/\/www.radiochiloe.cl\/?p=2314"},"modified":"2012-07-14T17:07:30","modified_gmt":"2012-07-14T21:07:30","slug":"emotivo-adios-a-profesor-achaino-omar-arriagada-oyarzun","status":"publish","type":"post","link":"https:\/\/www.radiochiloe.cl\/?p=2314","title":{"rendered":"Emotivo adi\u00f3s a profesor achaino Omar Arriagada Oyarz\u00fan"},"content":{"rendered":"<p style=\"text-align: justify;\">Emotivas escenas de dolor se vivieron en la ciudad de Chonchi con motivo de la despedida del Profesor achaino Omar Arriagada Oyarz\u00fan, fallecido repentinamente a los 49 a\u00f1os de edad y que en la actualidad ejerc\u00eda sus labores en la Escuela B\u00e1sica del sector de Terao.<\/p>\n<p style=\"text-align: justify;\">La misa en su memoria tuvo lugar el jueves 12 de Julio en la Iglesia San Carlos de Borromeo que fue repletada por un gran n\u00famero de asistentes, siendo acompa\u00f1ado por sus alumnos quienes a trav\u00e9s del Conjunto Folcl\u00f3rico de la Unidad Educativa, le brindaron el \u00faltimo adi\u00f3s con pasacalles y canciones del folclor chilote.<\/p>\n<p style=\"text-align: justify;\">Diversos oradores despidieron al educador durante los actos f\u00fanebres, entre ellos el Centro de Padres del plantel, as\u00ed tambi\u00e9n el Colegio de Profesores Comunal Chonchi, los estudiantes y el Director del Establecimiento Germ\u00e1n Mu\u00f1oz, qui\u00e9n rindi\u00f3 un sentido homenaje al docente, por el importante aporte entregado al servicio de la docencia en esas comunidades, destacando que \u201csu compromiso con la educaci\u00f3n, la escuela y la comunidad ser\u00e1 recordado por siempre\u201d, se\u00f1al\u00f3.<\/p>\n<p style=\"text-align: justify;\">El docente nacido en Achao el 23 de julio de 1962, realiz\u00f3 sus estudios b\u00e1sicos y medios en su pueblo natal. Posteriormente se traslada a la ciudad de Santiago donde obtuvo su t\u00edtulo de Profesor de Educaci\u00f3n B\u00e1sica<\/p>\n<p style=\"text-align: justify;\">Ejerci\u00f3 en las escuelas de los sectores de Chanqu\u00edn y Los Petanes y desde el a\u00f1o 2003 cumpl\u00eda funciones en la Escuela B\u00e1sica de Terao, Comuna de Chonchi, donde impart\u00eda las asignaturas de ingl\u00e9s, lenguaje, tecnolog\u00eda e historia. As\u00ed tambi\u00e9n dedic\u00f3 su labor educacional al deporte y recreaci\u00f3n en el mencionado establecimiento, obteniendo diversos triunfos como colegio, en el \u00e1rea extraescolar.<\/p>\n<p style=\"text-align: justify;\">Omar Arriagada Oyarz\u00fan estaba casado con la Profesora Ana Mar\u00eda Andrade y deja dos hijos Nicol y Eduardo, adem\u00e1s en Achao reside su hermano, el conocido Profesor Walter Gonz\u00e1lez Oyarz\u00fan.<\/p>\n<p style=\"text-align: justify;\">Departamento de Prensa<\/p>\n","protected":false},"excerpt":{"rendered":"<p>Emotivas escenas de dolor se vivieron en la ciudad de Chonchi con motivo de la despedida del Profesor achaino Omar Arriagada Oyarz\u00fan, fallecido repentinamente a los 49 a\u00f1os de edad y que en la actualidad ejerc\u00eda sus labores en la Escuela B\u00e1sica del sector de Terao. La misa en su memoria tuvo lugar el jueves [&hellip;]<\/p>\n","protected":false},"author":2,"featured_media":2315,"comment_status":"open","ping_status":"open","sticky":false,"template":"","format":"standard","meta":[],"categories":[3],"tags":[5],"jetpack_featured_media_url":"https:\/\/www.radiochiloe.cl\/wp-content\/uploads\/2012\/07\/omararriagada.jpg","_links":{"self":[{"href":"https:\/\/www.radiochiloe.cl\/index.php?rest_route=\/wp\/v2\/posts\/2314"}],"collection":[{"href":"https:\/\/www.radiochiloe.cl\/index.php?rest_route=\/wp\/v2\/posts"}],"about":[{"href":"https:\/\/www.radiochiloe.cl\/index.php?rest_route=\/wp\/v2\/types\/post"}],"author":[{"embeddable":true,"href":"https:\/\/www.radiochiloe.cl\/index.php?rest_route=\/wp\/v2\/users\/2"}],"replies":[{"embeddable":true,"href":"https:\/\/www.radiochiloe.cl\/index.php?rest_route=%2Fwp%2Fv2%2Fcomments&post=2314"}],"version-history":[{"count":2,"href":"https:\/\/www.radiochiloe.cl\/index.php?rest_route=\/wp\/v2\/posts\/2314\/revisions"}],"predecessor-version":[{"id":2317,"href":"https:\/\/www.radiochiloe.cl\/index.php?rest_route=\/wp\/v2\/posts\/2314\/revisions\/2317"}],"wp:featuredmedia":[{"embeddable":true,"href":"https:\/\/www.radiochiloe.cl\/index.php?rest_route=\/wp\/v2\/media\/2315"}],"wp:attachment":[{"href":"https:\/\/www.radiochiloe.cl\/index.php?rest_route=%2Fwp%2Fv2%2Fmedia&parent=2314"}],"wp:term":[{"taxonomy":"category","embeddable":true,"href":"https:\/\/www.radiochiloe.cl\/index.php?rest_route=%2Fwp%2Fv2%2Fcategories&post=2314"},{"taxonomy":"post_tag","embeddable":true,"href":"https:\/\/www.radiochiloe.cl\/index.php?rest_route=%2Fwp%2Fv2%2Ftags&post=2314"}],"curies":[{"name":"wp","href":"https:\/\/api.w.org\/{rel}","templated":true}]}}