{"id":2330,"date":"2012-07-17T10:16:10","date_gmt":"2012-07-17T14:16:10","guid":{"rendered":"http:\/\/www.radiochiloe.cl\/?p=2330"},"modified":"2012-07-17T10:16:10","modified_gmt":"2012-07-17T14:16:10","slug":"incendio-destruyo-centrico-supermercado-en-castro","status":"publish","type":"post","link":"https:\/\/www.radiochiloe.cl\/?p=2330","title":{"rendered":"Incendio destruy\u00f3 c\u00e9ntrico supermercado en Castro"},"content":{"rendered":"<p style=\"text-align: justify;\">Perdidas millonarias dej\u00f3 un dantesco incendio que afect\u00f3 esta ma\u00f1ana al Supermercado Ohiggins, ubicado en calle San Mart\u00edn de la comuna de Castro.<\/p>\n<p style=\"text-align: justify;\">La alarma la entreg\u00f3 la central del Cuerpo de Bomberos de Castro cerca de las 07:30 horas de esta ma\u00f1ana, movilizando de inmediato hasta el sector, a todas las compa\u00f1\u00edas que comenzaron su trabajo en la posterior del supermercado, donde las llamas amenazaban con propagarse hasta algunos inmuebles aleda\u00f1os, pero debido a que la construcci\u00f3n cuenta con corta fuegos por sus partes laterales y posterior, los voluntarios centraron sus esfuerzos solamente en el inmueble afectado.<\/p>\n<p style=\"text-align: justify;\">El primer comandante Humberto Molina destac\u00f3 la labor de Carabineros y del personal bomberil, quienes trabajaron de forma eficiente para mitigar los efectos de las llamas \u201cla alarma fue oportuna, por eso el personal se moviliz\u00f3 r\u00e1pidamente para llegar hasta este lugar donde se evidenci\u00f3 que el supermercado ard\u00eda violentamente en su parte superior. Notamos inmediatamente el trabajo de Carabineros que dej\u00f3 el transito expedito para llegar a la emergencia. Ahora solo estamos terminando de extinguir los \u00faltimos focos producto de la gran cantidad de material combustible que existe en este negocio\u201d se\u00f1al\u00f3.<\/p>\n<p style=\"text-align: justify;\">Seg\u00fan fuentes policiales existen seguros comprometidos, por eso se solicit\u00f3 la presencia de la Brigada de Criminal\u00edstica de la PDI de Puerto Montt para que investiguen las causas que originaron este incendio, pero seg\u00fan las primeras indagaciones, todo habr\u00eda comenzado en el sector donde funciona la panader\u00eda.<\/p>\n<p style=\"text-align: justify;\">Cabe mencionar que los datos recabados por el departamento de prensa de Radio Chilo\u00e9 dan cuenta que cerca de 60 personas laboran en el supermercado. Seg\u00fan el propio jefe de personal del supermercado, todo el personal continuara sus labores habituales en la otra sucursal ubicada en calle Galvarino Riveros esquina Baquedano.<\/p>\n<p style=\"text-align: justify;\">Departamento de Prensa<\/p>\n","protected":false},"excerpt":{"rendered":"<p>Perdidas millonarias dej\u00f3 un dantesco incendio que afect\u00f3 esta ma\u00f1ana al Supermercado Ohiggins, ubicado en calle San Mart\u00edn de la comuna de Castro. La alarma la entreg\u00f3 la central del Cuerpo de Bomberos de Castro cerca de las 07:30 horas de esta ma\u00f1ana, movilizando de inmediato hasta el sector, a todas las compa\u00f1\u00edas que comenzaron [&hellip;]<\/p>\n","protected":false},"author":2,"featured_media":2331,"comment_status":"open","ping_status":"open","sticky":false,"template":"","format":"standard","meta":[],"categories":[3],"tags":[5],"jetpack_featured_media_url":"https:\/\/www.radiochiloe.cl\/wp-content\/uploads\/2012\/07\/incendio.jpg","_links":{"self":[{"href":"https:\/\/www.radiochiloe.cl\/index.php?rest_route=\/wp\/v2\/posts\/2330"}],"collection":[{"href":"https:\/\/www.radiochiloe.cl\/index.php?rest_route=\/wp\/v2\/posts"}],"about":[{"href":"https:\/\/www.radiochiloe.cl\/index.php?rest_route=\/wp\/v2\/types\/post"}],"author":[{"embeddable":true,"href":"https:\/\/www.radiochiloe.cl\/index.php?rest_route=\/wp\/v2\/users\/2"}],"replies":[{"embeddable":true,"href":"https:\/\/www.radiochiloe.cl\/index.php?rest_route=%2Fwp%2Fv2%2Fcomments&post=2330"}],"version-history":[{"count":2,"href":"https:\/\/www.radiochiloe.cl\/index.php?rest_route=\/wp\/v2\/posts\/2330\/revisions"}],"predecessor-version":[{"id":2333,"href":"https:\/\/www.radiochiloe.cl\/index.php?rest_route=\/wp\/v2\/posts\/2330\/revisions\/2333"}],"wp:featuredmedia":[{"embeddable":true,"href":"https:\/\/www.radiochiloe.cl\/index.php?rest_route=\/wp\/v2\/media\/2331"}],"wp:attachment":[{"href":"https:\/\/www.radiochiloe.cl\/index.php?rest_route=%2Fwp%2Fv2%2Fmedia&parent=2330"}],"wp:term":[{"taxonomy":"category","embeddable":true,"href":"https:\/\/www.radiochiloe.cl\/index.php?rest_route=%2Fwp%2Fv2%2Fcategories&post=2330"},{"taxonomy":"post_tag","embeddable":true,"href":"https:\/\/www.radiochiloe.cl\/index.php?rest_route=%2Fwp%2Fv2%2Ftags&post=2330"}],"curies":[{"name":"wp","href":"https:\/\/api.w.org\/{rel}","templated":true}]}}