{"id":2346,"date":"2012-07-18T09:48:34","date_gmt":"2012-07-18T13:48:34","guid":{"rendered":"http:\/\/www.radiochiloe.cl\/?p=2346"},"modified":"2012-07-18T09:48:34","modified_gmt":"2012-07-18T13:48:34","slug":"en-castro-se-vive-el-teatro","status":"publish","type":"post","link":"https:\/\/www.radiochiloe.cl\/?p=2346","title":{"rendered":"En Castro se vive el teatro"},"content":{"rendered":"<p style=\"text-align: justify;\">Este lunes 16 parti\u00f3 nueva temporada de \u201cVive el Teatro\u201d en la capital provincial de Chilo\u00e9.<\/p>\n<p style=\"text-align: justify;\">Con la presentaci\u00f3n de la obra \u201cViva la diferencia\u201d de la compa\u00f1\u00eda de teatro nacional Roberto Nicolini, se dio inicio la jornada del pasado lunes a una nueva versi\u00f3n del ciclo \u201cVive el Teatro\u201d, actividad que cada a\u00f1o se desarrolla en los meses de invierno como una extensi\u00f3n de los ya tradicionales Temporales Internacionales Teatrales de Puerto Montt, que por estos d\u00edas est\u00e1n maravillando a todo el p\u00fablico asistente.<\/p>\n<p style=\"text-align: justify;\">En esta ocasi\u00f3n, el p\u00fablico amante de las tablas, se dio cita pasadas las 20 horas en el Sal\u00f3n Auditorio del Centro Cultural para presenciar el montaje que con humor enfrenta a hombres y mujeres, y que se basa en el libro de la exitosa sic\u00f3loga Pilar Sordo.<\/p>\n<p style=\"text-align: justify;\">La instancia en la comuna de Castro es organizada nuevamente por el \u00e1rea de cultura de la Corporaci\u00f3n Municipal y cuenta con el patrocinio del Departamento de Cultura del municipio local y algunas empresas privadas.<\/p>\n<p style=\"text-align: justify;\">De acuerdo a lo relatado por Gabriel Coddou, encargado de arte y cultura de la Corporaci\u00f3n Municipal, en esta ocasi\u00f3n ser\u00e1n cuatro las obras que se presentar\u00e1n, y se contar\u00e1 con la presencia de dos pa\u00edses invitados, tales como M\u00e9xico y Rep\u00fablica Dominicana, adem\u00e1s de Chile.<\/p>\n<p style=\"text-align: justify;\">As\u00ed, las funciones contin\u00faan este viernes 20 con \u201cSentencia (Ensayo de un juicio)\u201d del Teatro El Granero de M\u00e9xico. Al d\u00eda siguiente se estrenar\u00e1 \u201cNuestra se\u00f1ora de las nubes\u201d del equipo de teatro Guloya de Rep\u00fablica Dominicana.<\/p>\n<p style=\"text-align: justify;\">El evento culminar\u00e1 el lunes 23 de julio con la obra \u201cAlicia en el pa\u00eds de los hombres\u201d del Tetro Fin del mundo, compa\u00f1\u00eda nacional que traer\u00e1 hasta la comuna de Castro este montaje cuyo t\u00edtulo original es \u201cHombres en escabeche\u201d (Premio Hermanos Machado de Teatro 1999, del Ayuntamiento de Sevilla, Espa\u00f1a), alude a personas que se conservan rutinariamente en sus conductas y taras, aunque se requieran cambios dr\u00e1sticos. As\u00ed, bajo la direcci\u00f3n del reconocido actor Eduardo Barril, arribar\u00e1n hasta el escenario del auditorio del Centro Cultural la actriz Cecilia Cucurella y Osvaldo Silva.<\/p>\n<p style=\"text-align: justify;\">\u201cSon obras important\u00edsimas de primer nivel que no se tienen todos los d\u00edas. Est\u00e1 pensando para la comunidad de Castro y ojala se llene el Centro Cultural, eso hace que todo esto cobre sentido, por ello invitamos a toda la comunidad, y a quienes est\u00e9n de visita por la comuna a que asistan y disfruten de un buen espect\u00e1culo cultural\u201d, indic\u00f3 Coddou.<\/p>\n<p style=\"text-align: justify;\">En esta oportunidad el valor de la entrada tiene un costo de tan s\u00f3lo mil pesos y las obras son para todo p\u00fablico, por eso se recalca el llamado a la comunidad a participar y asistir. Igualmente se recuerda que el horario de ingreso a la sala es a las 19:30 horas, y se pide no llegar retrasado para no interrumpir el inicio de la presentaci\u00f3n.<\/p>\n<p style=\"text-align: justify;\">Departamento de Prensa<\/p>\n","protected":false},"excerpt":{"rendered":"<p>Este lunes 16 parti\u00f3 nueva temporada de \u201cVive el Teatro\u201d en la capital provincial de Chilo\u00e9. Con la presentaci\u00f3n de la obra \u201cViva la diferencia\u201d de la compa\u00f1\u00eda de teatro nacional Roberto Nicolini, se dio inicio la jornada del pasado lunes a una nueva versi\u00f3n del ciclo \u201cVive el Teatro\u201d, actividad que cada a\u00f1o se [&hellip;]<\/p>\n","protected":false},"author":2,"featured_media":2347,"comment_status":"open","ping_status":"open","sticky":false,"template":"","format":"standard","meta":[],"categories":[3],"tags":[5],"jetpack_featured_media_url":"https:\/\/www.radiochiloe.cl\/wp-content\/uploads\/2012\/07\/teatro.jpg","_links":{"self":[{"href":"https:\/\/www.radiochiloe.cl\/index.php?rest_route=\/wp\/v2\/posts\/2346"}],"collection":[{"href":"https:\/\/www.radiochiloe.cl\/index.php?rest_route=\/wp\/v2\/posts"}],"about":[{"href":"https:\/\/www.radiochiloe.cl\/index.php?rest_route=\/wp\/v2\/types\/post"}],"author":[{"embeddable":true,"href":"https:\/\/www.radiochiloe.cl\/index.php?rest_route=\/wp\/v2\/users\/2"}],"replies":[{"embeddable":true,"href":"https:\/\/www.radiochiloe.cl\/index.php?rest_route=%2Fwp%2Fv2%2Fcomments&post=2346"}],"version-history":[{"count":1,"href":"https:\/\/www.radiochiloe.cl\/index.php?rest_route=\/wp\/v2\/posts\/2346\/revisions"}],"predecessor-version":[{"id":2348,"href":"https:\/\/www.radiochiloe.cl\/index.php?rest_route=\/wp\/v2\/posts\/2346\/revisions\/2348"}],"wp:featuredmedia":[{"embeddable":true,"href":"https:\/\/www.radiochiloe.cl\/index.php?rest_route=\/wp\/v2\/media\/2347"}],"wp:attachment":[{"href":"https:\/\/www.radiochiloe.cl\/index.php?rest_route=%2Fwp%2Fv2%2Fmedia&parent=2346"}],"wp:term":[{"taxonomy":"category","embeddable":true,"href":"https:\/\/www.radiochiloe.cl\/index.php?rest_route=%2Fwp%2Fv2%2Fcategories&post=2346"},{"taxonomy":"post_tag","embeddable":true,"href":"https:\/\/www.radiochiloe.cl\/index.php?rest_route=%2Fwp%2Fv2%2Ftags&post=2346"}],"curies":[{"name":"wp","href":"https:\/\/api.w.org\/{rel}","templated":true}]}}