{"id":2349,"date":"2012-07-18T18:53:34","date_gmt":"2012-07-18T22:53:34","guid":{"rendered":"http:\/\/www.radiochiloe.cl\/?p=2349"},"modified":"2012-07-18T18:53:34","modified_gmt":"2012-07-18T22:53:34","slug":"gobernador-provincial-de-chiloe-destaca-medidas-que-impulsara-el-gobierno-en-defensa-de-los-derechos-infantiles","status":"publish","type":"post","link":"https:\/\/www.radiochiloe.cl\/?p=2349","title":{"rendered":"Gobernador  Provincial de Chilo\u00e9 destaca medidas que impulsara el gobierno en defensa de los derechos infantiles"},"content":{"rendered":"<p style=\"text-align: justify;\">El abuso sexual infantil es un flagelo social que d\u00eda a d\u00eda cobra mayor relevancia. El a\u00f1o pasado los delitos sexuales en nuestro pa\u00eds, seg\u00fan las denuncias efectuadas, crecieron en casi un 20%, alcanzando a 21 mil 176 delitos sexuales contra menores, es decir, casi 60 ni\u00f1os de nuestro pa\u00eds fueron abusados cada d\u00eda. En Chilo\u00e9, s\u00f3lo en los \u00faltimos dos a\u00f1os, m\u00e1s de 400 ni\u00f1os han sido v\u00edctimas de agresiones sexuales, la mitad de ellos menores de 13 a\u00f1os, en la provincia de Chilo\u00e9.<\/p>\n<p style=\"text-align: justify;\">Adem\u00e1s datos del Programa de Reparaci\u00f3n de Maltrato Millantuy, del Consejo de Defensa del Ni\u00f1o, organismo colaborador del SENAME, dan cuenta que 100 casos de delitos sexuales a menores de edad fueron atendidos en el 2011 por profesionales del centro tras las denuncias derivadas del Tribunal de Familia, y a la fecha ya van 32 casos.<\/p>\n<p style=\"text-align: justify;\">Frente a esta realidad el objetivo de conseguir una din\u00e1mica integral y coordinada para prevenir y enfrentar el abuso sexual de ni\u00f1os, ni\u00f1as y adolescentes, es que el Presidente de la Rep\u00fablica Sebasti\u00e1n Pi\u00f1era impulsara en el Gobierno una serie de iniciativas que instan a la protecci\u00f3n de los derechos del ni\u00f1o y prevenir principalmente los abusos sexuales contra menores.<\/p>\n<p style=\"text-align: justify;\">Entre las medidas se encuentran el env\u00edo de un proyecto de ley que va a dividir el SENAME en dos instituciones, creando un Servicio Nacional de Protecci\u00f3n de la Infancia y Adolescencia para los ni\u00f1os vulnerables, pero que no tienen problemas con la ley, que va a depender del Ministerio de Desarrollo Social, y adicionalmente un Servicio Nacional de Responsabilidad Adolescente, que va a depender del Ministerio de Justicia.<\/p>\n<p style=\"text-align: justify;\">Adem\u00e1s durante el mes de agosto estar\u00e1 plenamente vigente el registro de ped\u00f3filos a lo largo del pa\u00eds, se incrementara el presupuesto del Servicio M\u00e9dico Legal en m\u00e1s de 800 millones de pesos durante el pr\u00f3ximo a\u00f1o, de forma de poder dotar a sus 17 sedes regionales de los psiquiatras, psic\u00f3logos y equipamientos que requieren para terminar con las listas de espera y mejorar la calidad y la oportunidad de los informes periciales, entre otras, que son mencionadas por el Gobernador de Chilo\u00e9 C\u00e9sar Zambrano.<\/p>\n<p style=\"text-align: justify;\">\u201cHoy podemos decir con satisfacci\u00f3n que nuestro Gobierno se ha preocupado de nuestros ni\u00f1os que son el futuro de nuestro pa\u00eds. El hecho de acelerar la implementaci\u00f3n del brazalete electr\u00f3nico, cuya ley se acaba de promulgar, va ha permitir fiscalizar en forma mucho m\u00e1s eficaz a quienes hayan cometido delitos sexuales. Junto con ello, el proyecto que aumenta las penas que hoy est\u00e1n establecidas para los autores de delitos de comercializaci\u00f3n, importaci\u00f3n, exportaci\u00f3n, distribuci\u00f3n, difusi\u00f3n de material pornogr\u00e1fico, y tambi\u00e9n se presentar\u00e1 un proyecto de ley que va a extender la agravante calificada del C\u00f3digo Penal, que hoy afecta a los autores de delitos sexuales que tengan v\u00ednculos parentales con las v\u00edctimas menores de edad, a otras personas que tengan v\u00ednculos, y adicionalmente a ello se est\u00e1 elaborando un proyecto de ley que va a crear en nuestro pa\u00eds el Sistema Nacional e Integral de Protecci\u00f3n de la Infancia, entre otras tantas medidas, que significa un avance sustancial en materia de protecci\u00f3n de los menores de edad\u201d concluy\u00f3.<\/p>\n<p style=\"text-align: justify;\">Departamento de Prensa<\/p>\n","protected":false},"excerpt":{"rendered":"<p>El abuso sexual infantil es un flagelo social que d\u00eda a d\u00eda cobra mayor relevancia. El a\u00f1o pasado los delitos sexuales en nuestro pa\u00eds, seg\u00fan las denuncias efectuadas, crecieron en casi un 20%, alcanzando a 21 mil 176 delitos sexuales contra menores, es decir, casi 60 ni\u00f1os de nuestro pa\u00eds fueron abusados cada d\u00eda. En [&hellip;]<\/p>\n","protected":false},"author":2,"featured_media":2350,"comment_status":"open","ping_status":"open","sticky":false,"template":"","format":"standard","meta":[],"categories":[3],"tags":[5],"jetpack_featured_media_url":"https:\/\/www.radiochiloe.cl\/wp-content\/uploads\/2012\/07\/delitos.jpg","_links":{"self":[{"href":"https:\/\/www.radiochiloe.cl\/index.php?rest_route=\/wp\/v2\/posts\/2349"}],"collection":[{"href":"https:\/\/www.radiochiloe.cl\/index.php?rest_route=\/wp\/v2\/posts"}],"about":[{"href":"https:\/\/www.radiochiloe.cl\/index.php?rest_route=\/wp\/v2\/types\/post"}],"author":[{"embeddable":true,"href":"https:\/\/www.radiochiloe.cl\/index.php?rest_route=\/wp\/v2\/users\/2"}],"replies":[{"embeddable":true,"href":"https:\/\/www.radiochiloe.cl\/index.php?rest_route=%2Fwp%2Fv2%2Fcomments&post=2349"}],"version-history":[{"count":2,"href":"https:\/\/www.radiochiloe.cl\/index.php?rest_route=\/wp\/v2\/posts\/2349\/revisions"}],"predecessor-version":[{"id":2352,"href":"https:\/\/www.radiochiloe.cl\/index.php?rest_route=\/wp\/v2\/posts\/2349\/revisions\/2352"}],"wp:featuredmedia":[{"embeddable":true,"href":"https:\/\/www.radiochiloe.cl\/index.php?rest_route=\/wp\/v2\/media\/2350"}],"wp:attachment":[{"href":"https:\/\/www.radiochiloe.cl\/index.php?rest_route=%2Fwp%2Fv2%2Fmedia&parent=2349"}],"wp:term":[{"taxonomy":"category","embeddable":true,"href":"https:\/\/www.radiochiloe.cl\/index.php?rest_route=%2Fwp%2Fv2%2Fcategories&post=2349"},{"taxonomy":"post_tag","embeddable":true,"href":"https:\/\/www.radiochiloe.cl\/index.php?rest_route=%2Fwp%2Fv2%2Ftags&post=2349"}],"curies":[{"name":"wp","href":"https:\/\/api.w.org\/{rel}","templated":true}]}}