{"id":2354,"date":"2012-07-18T19:12:33","date_gmt":"2012-07-18T23:12:33","guid":{"rendered":"http:\/\/www.radiochiloe.cl\/?p=2354"},"modified":"2012-07-18T19:12:33","modified_gmt":"2012-07-18T23:12:33","slug":"municipio-de-lemuy-elabora-su-pladetur","status":"publish","type":"post","link":"https:\/\/www.radiochiloe.cl\/?p=2354","title":{"rendered":"Municipio de Lemuy elabora su Pladetur"},"content":{"rendered":"<p style=\"text-align: justify;\">En los \u00faltimos a\u00f1os el turismo se ha convertido en una actividad econ\u00f3mica que ha generado importantes flujos y una fuente de ingreso importante para los empresarios del rubro y a la comunidad de Lemuy en general. Es por esta raz\u00f3n que el alcalde de la comuna, don Elson C\u00e1rcamo Barr\u00eda, ha instruido al encargado de la oficina de turismo del municipio lemuyano, a trabajar en forma prioritaria en el futuro PLADETUR, (Plan de Turismo Rural) el cual estar\u00e1 inserto dentro del PLADECO, (Plan de Desarrollo Comunal), considerando que con esto se podr\u00e1n fomentar diversos programas de fomentos para mejorar la actividad tur\u00edstica en la comuna.<\/p>\n<p style=\"text-align: justify;\">Para lograr una din\u00e1mica tur\u00edstica en la comuna es necesario poner en valor los recursos existentes, para lo cual se requiere una planificaci\u00f3n ambiental sustentable a cargo del sector p\u00fablico en conjunto al rubro empresarial y as\u00ed poder lograr una conexi\u00f3n m\u00e1s eficiente y competitiva.<\/p>\n<p style=\"text-align: justify;\">Por esto es necesario realizar una planificaci\u00f3n, para as\u00ed evitar impactos de car\u00e1cter irreversibles, es all\u00ed donde el municipio tiene el deber de velar tanto por el bienestar de la comunidad y por la conservaci\u00f3n de los atractivos tur\u00edsticos.<\/p>\n<p style=\"text-align: justify;\">Los planes de desarrollo son el primer paso, una herramienta necesaria para evitar potenciales efectos negativos que el turismo pueda generar, aparte de entregar informaci\u00f3n adecuada para orientar la actividad tur\u00edstica.<\/p>\n<p style=\"text-align: justify;\">En este plan se realizar\u00e1 un an\u00e1lisis tanto de oferta como demanda comunal, adem\u00e1s se plantearan estrategias para el desarrollo y mejoramiento de la actividad tur\u00edstica en la isla de Lemuy, sirviendo este como un instrumento que ayude a las tomas de decisiones del gobierno comunal y de la comunidad en general.<\/p>\n<p style=\"text-align: justify;\">De esta manera el encargado de turismo comunal Jaime Haro realiz\u00f3 una invitaci\u00f3n a todas los integrantes de las instituciones comunitarias de la zona para una jornada de trabajo que se realizara el d\u00eda jueves 19 de Julio a contar de las 10:00 horas, en la sede Polifuncional, donde tambi\u00e9n se contara en la oportunidad con la presencia de profesionales de la Facultad de Arquitectura de la Universidad de Chile de Santiago, quienes est\u00e1n apoyando y colaborando con la comuna en el marco del futuro convenio de Cooperaci\u00f3n T\u00e9cnica de esa Casa de Estudios Superiores.<\/p>\n<p style=\"text-align: justify;\">Departamento de Prensa<\/p>\n","protected":false},"excerpt":{"rendered":"<p>En los \u00faltimos a\u00f1os el turismo se ha convertido en una actividad econ\u00f3mica que ha generado importantes flujos y una fuente de ingreso importante para los empresarios del rubro y a la comunidad de Lemuy en general. Es por esta raz\u00f3n que el alcalde de la comuna, don Elson C\u00e1rcamo Barr\u00eda, ha instruido al encargado [&hellip;]<\/p>\n","protected":false},"author":2,"featured_media":2355,"comment_status":"open","ping_status":"open","sticky":false,"template":"","format":"standard","meta":[],"categories":[3],"tags":[],"jetpack_featured_media_url":"https:\/\/www.radiochiloe.cl\/wp-content\/uploads\/2012\/07\/lemuy.jpg","_links":{"self":[{"href":"https:\/\/www.radiochiloe.cl\/index.php?rest_route=\/wp\/v2\/posts\/2354"}],"collection":[{"href":"https:\/\/www.radiochiloe.cl\/index.php?rest_route=\/wp\/v2\/posts"}],"about":[{"href":"https:\/\/www.radiochiloe.cl\/index.php?rest_route=\/wp\/v2\/types\/post"}],"author":[{"embeddable":true,"href":"https:\/\/www.radiochiloe.cl\/index.php?rest_route=\/wp\/v2\/users\/2"}],"replies":[{"embeddable":true,"href":"https:\/\/www.radiochiloe.cl\/index.php?rest_route=%2Fwp%2Fv2%2Fcomments&post=2354"}],"version-history":[{"count":1,"href":"https:\/\/www.radiochiloe.cl\/index.php?rest_route=\/wp\/v2\/posts\/2354\/revisions"}],"predecessor-version":[{"id":2356,"href":"https:\/\/www.radiochiloe.cl\/index.php?rest_route=\/wp\/v2\/posts\/2354\/revisions\/2356"}],"wp:featuredmedia":[{"embeddable":true,"href":"https:\/\/www.radiochiloe.cl\/index.php?rest_route=\/wp\/v2\/media\/2355"}],"wp:attachment":[{"href":"https:\/\/www.radiochiloe.cl\/index.php?rest_route=%2Fwp%2Fv2%2Fmedia&parent=2354"}],"wp:term":[{"taxonomy":"category","embeddable":true,"href":"https:\/\/www.radiochiloe.cl\/index.php?rest_route=%2Fwp%2Fv2%2Fcategories&post=2354"},{"taxonomy":"post_tag","embeddable":true,"href":"https:\/\/www.radiochiloe.cl\/index.php?rest_route=%2Fwp%2Fv2%2Ftags&post=2354"}],"curies":[{"name":"wp","href":"https:\/\/api.w.org\/{rel}","templated":true}]}}